{"id":966,"date":"2022-08-15T21:55:32","date_gmt":"2022-08-16T00:55:32","guid":{"rendered":"https:\/\/dirgrad.dv.utfpr.edu.br\/site\/?p=966"},"modified":"2022-08-15T21:55:34","modified_gmt":"2022-08-16T00:55:34","slug":"informe-semanal-10-de-agosto-de-2022","status":"publish","type":"post","link":"https:\/\/dirgrad.dv.utfpr.edu.br\/site\/informe-semanal-10-de-agosto-de-2022\/","title":{"rendered":"Informe semanal 10 de agosto de 2022"},"content":{"rendered":"\n<div id=\":69r\" class=\"ii gt\" jslog=\"20277; u014N:xr6bB; 4:W251bGwsbnVsbCxbXV0.\"><div id=\":69s\" class=\"a3s aiL \"><div dir=\"ltr\"><table width=\"100%\" style=\"border-spacing:0px;margin:0px auto;width:600px;max-width:600px;font-family:sans-serif;color:rgb(23,26,27)\"><tbody><tr><td height=\"8\" style=\"padding:0px;background-color:rgb(255,186,10)\"><\/td><\/tr><tr><td style=\"padding:0px;background-color:rgb(93,87,107)\"><table width=\"100%\" style=\"border-spacing:0px\"><tbody><tr><td style=\"padding:0px;text-align:center;font-size:0px\"><table style=\"border-spacing:0px;max-width:300px;display:inline-flex;vertical-align:middle;text-align:left\"><tbody><tr><td style=\"padding:20px 20px 10px\"><a href=\"https:\/\/portal.utfpr.edu.br\/estrutura\/grad\/contatos\/dois-vizinhos\" target=\"_blank\" data-saferedirecturl=\"https:\/\/www.google.com\/url?q=https:\/\/portal.utfpr.edu.br\/estrutura\/grad\/contatos\/dois-vizinhos&amp;source=gmail&amp;ust=1660697530963000&amp;usg=AOvVaw3ux3fbDL3FBbN0-qYO_yDa\" rel=\"noopener\"><img src=\"https:\/\/ci6.googleusercontent.com\/proxy\/cGtZO6oyYTJ5kiubXH6MmbcMwPEWBe9SbJwqdxOOdBg2PEbV5z-FZv1k0hhC-uCLIOG7kkLMP3LWJyrBSQ8O6oljbh5q-_ibtW0XlDKRnR3Hp0QFinZ88GnFlucUCneJOhnO6kLEz7riosBX-HErc-VodFT6VzJTNl3wzx0=s0-d-e1-ft#https:\/\/cdn.discordapp.com\/attachments\/1002282037090205706\/1004085676393906186\/DIRGRAD_LOGO_definitivo.png\" width=\"190\" title=\"Modern Logo\" style=\"border:0px\" class=\"CToWUd\" data-bit=\"iit\"><\/a><\/td><\/tr><\/tbody><\/table><span>&nbsp;<\/span><table style=\"border-spacing:0px;max-width:300px;display:inline-flex;vertical-align:middle;text-align:left\"><tbody><tr><td style=\"padding:0px 20px 10px\"><a href=\"https:\/\/portal.utfpr.edu.br\/estrutura\/grad\/contatos\/dois-vizinhos\" target=\"_blank\" data-saferedirecturl=\"https:\/\/www.google.com\/url?q=https:\/\/portal.utfpr.edu.br\/estrutura\/grad\/contatos\/dois-vizinhos&amp;source=gmail&amp;ust=1660697530963000&amp;usg=AOvVaw3ux3fbDL3FBbN0-qYO_yDa\" rel=\"noopener\"><img src=\"https:\/\/ci4.googleusercontent.com\/proxy\/wDIAotkZYusnQTR3BBmO7fWMClgFc4jtjhzcXjJBxpncH1MjIRE7dk0tpFVqfwpSMTrZz6a0NHRRc8vcqwuUHxTO338mVL4YoPuwU-B9QtjjPVypSx-1MUx4s62jX3liBaHOjfzi3Z9fYRP5y9N1Gpfn_9I=s0-d-e1-ft#https:\/\/cdn.discordapp.com\/attachments\/1002282037090205706\/1007013790375743598\/e-mail_DIRGRAD.png\" width=\"280\" title=\"Modern Logo\" style=\"border:0px\" class=\"CToWUd\" data-bit=\"iit\"><\/a><\/td><\/tr><\/tbody><\/table><\/td><\/tr><\/tbody><\/table><\/td><\/tr><tr><td style=\"padding:0px\"><a><img src=\"https:\/\/ci3.googleusercontent.com\/proxy\/CFvmxxugFRav6zIhYE8cF1vYbz0dS3sL2pqUMYwYl7H0qYhk49UwtT_w-Lq-CZELWUDNbA=s0-d-e1-ft#https:\/\/i.ibb.co\/L1VmTnW\/Capa.png\" alt=\"\" width=\"600\" style=\"border:0px;max-width:100%\" class=\"CToWUd a6T\" data-bit=\"iit\" tabindex=\"0\"><div class=\"a6S\" dir=\"ltr\" style=\"opacity: 0.01; left: 552px; top: 568px;\"><div id=\":6fl\" class=\"T-I J-J5-Ji aQv T-I-ax7 L3 a5q\" role=\"button\" tabindex=\"0\" aria-label=\"Fazer o download do anexo \" data-tooltip-class=\"a1V\" data-tooltip=\"Fazer o download\"><div class=\"akn\"><div class=\"aSK J-J5-Ji aYr\"><\/div><\/div><\/div><\/div><\/a><\/td><\/tr><tr><td style=\"padding:0px\"><table width=\"100%\" style=\"border-spacing:0px\"><tbody><tr><td style=\"padding:0px\"><\/td><td style=\"padding:45px;text-align:center\"><p style=\"font-size:25px;font-weight:bold;color:black\">&#8220;O principal objetivo da educa\u00e7\u00e3o \u00e9 criar pessoas capazes de fazer coisas novas e n\u00e3o simplesmente repetir o que outras gera\u00e7\u00f5es fizeram.&#8221;<\/p><p style=\"line-height:20px;font-size:15px;padding:0px 0px 5px;color:black\">&#8211; Jean Piaget &#8211;<\/p><\/td><\/tr><\/tbody><\/table><\/td><\/tr><tr><td style=\"padding:0px;background-color:rgb(93,87,107);color:white\"><table width=\"100%\" style=\"border-spacing:0px\"><tbody><tr><td style=\"padding:15px 0px;text-align:center;font-size:0px\"><table style=\"border-spacing:0px;max-width:300px;display:inline-flex;vertical-align:middle;text-align:left\"><tbody><tr><td style=\"padding:10px\"><table style=\"border-spacing:0px;font-size:15px;line-height:20px\"><tbody><tr><td style=\"padding:0px\"><p style=\"font-weight:bold;font-size:17px\">BOAS VINDAS \u00c0S AULAS DE 2022-2<\/p><p style=\"padding-bottom:0px\">Ol\u00e1 alunos e professores, amanh\u00e3 come\u00e7a um novo semestre e gostar\u00edamos de desejar um \u00f3timo retorno a todos. Temos certeza de que este ser\u00e1 um semestre repleto de grandes realiza\u00e7\u00f5es por todos! Prepara a mochila e os cadernos que as aulas ter\u00e3o in\u00edcio no dia 11\/08\/2022!<\/p><\/td><\/tr><\/tbody><\/table><\/td><\/tr><\/tbody><\/table><span>&nbsp;<\/span><table style=\"border-spacing:0px;max-width:300px;display:inline-flex;vertical-align:middle;text-align:left\"><tbody><tr><td style=\"padding:10px\"><table style=\"border-spacing:0px;font-size:15px;line-height:20px\"><tbody><tr><td style=\"padding:0px\"><img src=\"https:\/\/ci3.googleusercontent.com\/proxy\/RPqDMnKQMSNTEyPBfd9qkxIsae9seHQbiEBA4K4lLl3rK4xZ6Z_alS2cBeuTCLnTnP5y9f-8DX_xKMuM_0VCREOI2dBYN6JSI3Iy2dQCA6Kf0u-Lis9Hb-6l8QUbLjrhbxocSnzm-Q=s0-d-e1-ft#https:\/\/cdn.discordapp.com\/attachments\/1002282037090205706\/1007005551902863380\/1.png\" alt=\"\" style=\"border:0px;width:270px;height:320px;max-width:260px;max-height:320px\" class=\"CToWUd a6T\" data-bit=\"iit\" tabindex=\"0\"><div class=\"a6S\" dir=\"ltr\" style=\"opacity: 0.01;\"><div id=\":6fm\" class=\"T-I J-J5-Ji aQv T-I-ax7 L3 a5q\" title=\"Fazer o download\" role=\"button\" tabindex=\"0\" aria-label=\"Fazer o download do anexo \" data-tooltip-class=\"a1V\"><div class=\"akn\"><div class=\"aSK J-J5-Ji aYr\"><\/div><\/div><\/div><\/div><\/td><\/tr><\/tbody><\/table><\/td><\/tr><\/tbody><\/table><\/td><\/tr><\/tbody><\/table><\/td><\/tr><tr><td style=\"padding:15px 0px 5px\"><table width=\"100%\" style=\"border-spacing:0px\"><tbody><tr><td style=\"padding:0px\"><\/td><td style=\"padding:15px;text-align:center;font-size:13px\"><p style=\"font-size:20px;font-weight:bold;color:black\">INFORMA\u00c7\u00d5ES DA SELIB-DV RETIFICADO<\/p><p style=\"text-align:left;line-height:20px;font-size:15px;padding:10px 10px 15px;color:black\">A SELIB criou uma planilha para registro de equipamentos que demandam conserto e pertencem aos laborat\u00f3rios vinculados \u00e0 DIRGRAD.<span>&nbsp;<\/span><a href=\"https:\/\/docs.google.com\/spreadsheets\/d\/1-CEpTVqUJl7BJjMC4F6Cjxzw87ay_QUWDMnIkr4-b9c\/edit#gid=0\" style=\"color:rgb(255,186,10)\" target=\"_blank\" data-saferedirecturl=\"https:\/\/www.google.com\/url?q=https:\/\/docs.google.com\/spreadsheets\/d\/1-CEpTVqUJl7BJjMC4F6Cjxzw87ay_QUWDMnIkr4-b9c\/edit%23gid%3D0&amp;source=gmail&amp;ust=1660697530963000&amp;usg=AOvVaw17WynsEJ0etScgV8E1DSm8\" rel=\"noopener\">Voc\u00ea pode acess\u00e1-la por este link.<\/a><span>&nbsp;<\/span>Solicitamos aos respons\u00e1veis pelos espa\u00e7os que registrem demandas deste tipo na planilha, pois ela servir\u00e1 como base para futuros processos de contrata\u00e7\u00e3o de servi\u00e7o de emiss\u00e3o de laudos e conserto de equipamentos.<\/p><\/td><\/tr><\/tbody><\/table><\/td><\/tr><tr><td style=\"padding:15px 0px 0px\"><table width=\"100%\" style=\"border-spacing:0px\"><tbody><tr><td style=\"padding:0px\"><\/td><td style=\"padding:15px;background-color:rgb(93,87,107)\"><p style=\"text-align:center;font-size:20px;font-weight:bold;color:white\">DUPLA DIPLOMA\u00c7\u00c3O<\/p><p style=\"line-height:20px;font-size:15px;padding:10px 10px 15px;color:white\">Os editais de dupla diploma\u00e7\u00e3o referentes aos acordos com os cursos do nosso campus, junto ao Instituto Polit\u00e9cnico de Bragan\u00e7a (IPB), ser\u00e3o publicados em breve. Mais detalhes a respeito do acordo e do processo, procure o professor respons\u00e1vel pela internacionaliza\u00e7\u00e3o (PRAINT) do seu curso ou o coordenador para acessar a programa\u00e7\u00e3o completa.<\/p><\/td><\/tr><\/tbody><\/table><\/td><\/tr><tr><td style=\"padding:0px;background-color:rgb(237,106,90);color:white\"><table width=\"100%\" style=\"border-spacing:0px\"><tbody><tr><td style=\"padding:15px 0px;text-align:center;font-size:0px\"><table style=\"border-spacing:0px;max-width:300px;display:inline-flex;vertical-align:middle;text-align:left\"><tbody><tr><td style=\"padding:10px\"><table style=\"border-spacing:0px;font-size:15px;line-height:20px\"><tbody><tr><td style=\"padding:0px\"><img src=\"https:\/\/ci5.googleusercontent.com\/proxy\/5ctuKQgeX0euoG0MO9iw933NX0k_lwCys4e9YRdXRL0OGXeWOfIsnzJv6Zctjbv5FnchS0FpfLb_uYSzd4SpRuQs3UMEdtYWY-Uz4PcvvkJfiycHzQIGpkg7lsYOLsbfW-Z1kVzVlA=s0-d-e1-ft#https:\/\/cdn.discordapp.com\/attachments\/1002282037090205706\/1007005615626932346\/2.png\" alt=\"\" style=\"border:0px;width:270px;height:320px;max-width:260px;max-height:320px\" class=\"CToWUd a6T\" data-bit=\"iit\" tabindex=\"0\"><div class=\"a6S\" dir=\"ltr\" style=\"opacity: 0.01;\"><div id=\":6fn\" class=\"T-I J-J5-Ji aQv T-I-ax7 L3 a5q\" title=\"Fazer o download\" role=\"button\" tabindex=\"0\" aria-label=\"Fazer o download do anexo \" data-tooltip-class=\"a1V\"><div class=\"akn\"><div class=\"aSK J-J5-Ji aYr\"><\/div><\/div><\/div><\/div><\/td><\/tr><\/tbody><\/table><\/td><\/tr><\/tbody><\/table><span>&nbsp;<\/span><table style=\"border-spacing:0px;max-width:300px;display:inline-flex;vertical-align:middle;text-align:left\"><tbody><tr><td style=\"padding:10px\"><table style=\"border-spacing:0px;font-size:15px;line-height:20px\"><tbody><tr><td style=\"padding:0px\"><p style=\"font-weight:bold;font-size:16px\">PROCEDIMENTOS DA DIRGRAD-DV<span>&nbsp;<\/span><\/p><p style=\"padding-bottom:0px\">Registro de A\u00e7\u00e3o de Ensino:<span>&nbsp;<\/span><a href=\"https:\/\/cloud.utfpr.edu.br\/index.php\/s\/68Cp37DszJ2GBhQ\" style=\"color:rgb(255,186,10)\" target=\"_blank\" data-saferedirecturl=\"https:\/\/www.google.com\/url?q=https:\/\/cloud.utfpr.edu.br\/index.php\/s\/68Cp37DszJ2GBhQ&amp;source=gmail&amp;ust=1660697530963000&amp;usg=AOvVaw2p5OHOJBg_0S-kdL5YDU7v\" rel=\"noopener\">clique aqui.<\/a><br>Homologa\u00e7\u00e3o de Projeto de Ensino:<span>&nbsp;<\/span><a href=\"https:\/\/cloud.utfpr.edu.br\/index.php\/s\/PZIQmeMJw3HUER8\" style=\"color:rgb(255,186,10)\" target=\"_blank\" data-saferedirecturl=\"https:\/\/www.google.com\/url?q=https:\/\/cloud.utfpr.edu.br\/index.php\/s\/PZIQmeMJw3HUER8&amp;source=gmail&amp;ust=1660697530963000&amp;usg=AOvVaw3uI0tI6DuLb1uZeHBHdvsz\" rel=\"noopener\">clique aqui.<\/a><\/p><br><p style=\"font-weight:bold;font-size:16px\">ATENDIMENTO DO NUAPE<\/p><p style=\"padding-bottom:0px\">Agende seu hor\u00e1rio de atendimento pelos links abaixo (tanto para tirar d\u00favidas sobre editais, como para solicitar atendimento especializado):<br>Assistente social<span>&nbsp;<\/span><a href=\"https:\/\/calendly.com\/julianapalavezzini\" style=\"color:rgb(255,186,10)\" target=\"_blank\" data-saferedirecturl=\"https:\/\/www.google.com\/url?q=https:\/\/calendly.com\/julianapalavezzini&amp;source=gmail&amp;ust=1660697530963000&amp;usg=AOvVaw1V9LqHwyhj-1bobRSSXPUe\" rel=\"noopener\">Juliana Palavezzini<\/a>;<br>Pedagoga<span>&nbsp;<\/span><a href=\"https:\/\/calendly.com\/claudiapiacentini\/\" style=\"color:rgb(255,186,10)\" target=\"_blank\" data-saferedirecturl=\"https:\/\/www.google.com\/url?q=https:\/\/calendly.com\/claudiapiacentini\/&amp;source=gmail&amp;ust=1660697530963000&amp;usg=AOvVaw2wJBr5k-pkCMlsevRZ3lzN\" rel=\"noopener\">Claudia Piacentini<\/a>;<br>Psic\u00f3loga<span>&nbsp;<\/span><span>&nbsp;<\/span><a href=\"https:\/\/forms.gle\/YWwEzZByAS4S7kEd9\" style=\"color:rgb(255,186,10)\" target=\"_blank\" data-saferedirecturl=\"https:\/\/www.google.com\/url?q=https:\/\/forms.gle\/YWwEzZByAS4S7kEd9&amp;source=gmail&amp;ust=1660697530963000&amp;usg=AOvVaw0EhZbMA4nxYTTeQlFNwgHO\" rel=\"noopener\">Aline A. A. A. Marchesan<\/a>.<br><\/p><\/td><\/tr><\/tbody><\/table><\/td><\/tr><\/tbody><\/table><\/td><\/tr><\/tbody><\/table><\/td><\/tr><tr><td style=\"padding:0px\"><table width=\"100%\" style=\"border-spacing:0px\"><tbody><tr><td style=\"padding:0px\"><\/td><td style=\"padding:0px;text-align:center\"><p style=\"font-size:25px;font-weight:bold;color:black\">EDITAIS ABERTOS<\/p><\/td><\/tr><\/tbody><\/table><\/td><\/tr><tr><td style=\"padding:15px 0px 5px\"><table width=\"100%\" style=\"border-spacing:0px\"><tbody><tr><td style=\"padding:0px\"><\/td><td style=\"padding:15px;text-align:center;font-size:13px\"><p style=\"font-size:20px;font-weight:bold;color:black\">CALEM &#8211; ABERTURA CURSOS DE L\u00cdNGUA INGLESA<\/p><p style=\"text-align:left;line-height:20px;font-size:15px;padding:5px 10px 15px;color:black\">Foi publicado o Edital CALEM para cursos que ser\u00e3o ofertados no semestre 2\/2022. Para mais informa\u00e7\u00f5es, acesse o Edital!<br><a style=\"font-weight:bold\">Per\u00edodo de inscri\u00e7\u00f5es para teste de nivelamento: de 08\/08 \u00e0 16\/08\/2022.<\/a><br><a style=\"font-weight:bold\">Per\u00edodo de inscri\u00e7\u00f5es para alunos e servidores interessados no Ingl\u00eas 1: de 11\/08 \u00e0 17\/08\/2022.<\/a><\/p><a href=\"https:\/\/sei.utfpr.edu.br\/sei\/publicacoes\/controlador_publicacoes.php?acao=publicacao_visualizar&amp;id_documento=3120611&amp;id_orgao_publicacao=0\" style=\"background-color:rgb(156,177,188);color:white;text-decoration:none;padding:12px 20px;border-radius:5px;font-weight:bold;display:inline-flex\" target=\"_blank\" data-saferedirecturl=\"https:\/\/www.google.com\/url?q=https:\/\/sei.utfpr.edu.br\/sei\/publicacoes\/controlador_publicacoes.php?acao%3Dpublicacao_visualizar%26id_documento%3D3120611%26id_orgao_publicacao%3D0&amp;source=gmail&amp;ust=1660697530963000&amp;usg=AOvVaw3HzKtsDlcS9yBOMG5Pu8mz\" rel=\"noopener\">Acesse o edital<\/a><\/td><\/tr><\/tbody><\/table><\/td><\/tr><tr><td style=\"padding:15px 0px 5px\"><table width=\"100%\" style=\"border-spacing:0px\"><tbody><tr><td style=\"padding:0px\"><\/td><td style=\"padding:15px;text-align:center;font-size:13px\"><p style=\"font-size:20px;font-weight:bold;color:black\">SELE\u00c7\u00c3O DE ACAD\u00caMICOS PARA O PET ENGENHARIA FLORESTAL<\/p><p style=\"text-align:left;line-height:20px;font-size:15px;padding:5px 10px 15px;color:black\">Est\u00e3o abertas as inscri\u00e7\u00f5es para o processo de sele\u00e7\u00e3o de estudantes do curso de Engenharia Florestal para o Programa de Educa\u00e7\u00e3o Tutorial (PET), destinado ao provimento de 02 (duas) vagas de bolsistas e at\u00e9 06 (seis) vagas de cadastro reserva. Os estudantes selecionados, receber\u00e3o uma bolsa mensal no valor de R$ 400,00 (quatrocentos reais) depositados em conta corrente espec\u00edfica, oriunda de recursos do FNDE. Para mais informa\u00e7\u00f5es, acesse o Edital.<br><a style=\"font-weight:bold\">Per\u00edodo de Inscri\u00e7\u00f5es: at\u00e9 14\/08\/2022<\/a><\/p><a href=\"http:\/\/www.utfpr.edu.br\/editais\/graduacao-e-educacao-profissional\/doisvizinhos\/edital-017-2022-dirgrad-dirge-dv-processo-de-selecao-de-academicos-para-o-programa-de-educacao-tutorial-pet-grupo-pet-engenharia-florestal\" style=\"background-color:rgb(156,177,188);color:white;text-decoration:none;padding:12px 20px;border-radius:5px;font-weight:bold;display:inline-flex\" target=\"_blank\" data-saferedirecturl=\"https:\/\/www.google.com\/url?q=http:\/\/www.utfpr.edu.br\/editais\/graduacao-e-educacao-profissional\/doisvizinhos\/edital-017-2022-dirgrad-dirge-dv-processo-de-selecao-de-academicos-para-o-programa-de-educacao-tutorial-pet-grupo-pet-engenharia-florestal&amp;source=gmail&amp;ust=1660697530963000&amp;usg=AOvVaw0Udh8b516rW_vXtD_RcMWF\" rel=\"noopener\">Acesse o edital<\/a><\/td><\/tr><\/tbody><\/table><\/td><\/tr><tr><td style=\"padding:15px 0px 5px\"><table width=\"100%\" style=\"border-spacing:0px\"><tbody><tr><td style=\"padding:0px\"><\/td><td style=\"padding:15px;text-align:center;font-size:13px\"><p style=\"font-size:20px;font-weight:bold;color:black\">PROGRAMA DE MONITORIA<\/p><p style=\"text-align:left;line-height:20px;font-size:15px;padding:5px 10px 15px;color:black\">Est\u00e3o abertas as inscri\u00e7\u00f5es para Monitoria Remunerada e Monitoria Volunt\u00e1ria da UTFPR-DV, que tem como finalidade a melhoria do processo ensino-aprendizagem dos cursos de gradua\u00e7\u00e3o no Campus. O valor da Bolsa-Monitoria do Edital 18\/2022 &#8211; DIRGRAD\/DIRGE ser\u00e1 de R$ 2.380,00 (dois mil, trezentos e oitenta reais) que ser\u00e3o depositados em conta corrente do estudante em quatro parcelas.<br><a style=\"font-weight:bold\">Inscri\u00e7\u00f5es at\u00e9 14\/08\/2022<\/a><br>D\u00favidas? Entre em contato com o N\u00facleo de Ensino (NUENS) via e-mail<span>&nbsp;<\/span><a href=\"mailto:nuens-dv@utfpr.edu.br\" style=\"color:rgb(237,106,90)\" target=\"_blank\" rel=\"noopener\">nuens-dv@utfpr.edu.br<\/a><\/p><a href=\"http:\/\/portal.utfpr.edu.br\/editais\/graduacao-e-educacao-profissional\/doisvizinhos\/edital-025-2021-dirgrad-dirge-dv-programa-de-monitoria-da-utfpr-monitoria-remunerada\" style=\"background-color:rgb(156,177,188);color:white;text-decoration:none;padding:12px 20px;border-radius:5px;font-weight:bold;display:inline-flex\" target=\"_blank\" data-saferedirecturl=\"https:\/\/www.google.com\/url?q=http:\/\/portal.utfpr.edu.br\/editais\/graduacao-e-educacao-profissional\/doisvizinhos\/edital-025-2021-dirgrad-dirge-dv-programa-de-monitoria-da-utfpr-monitoria-remunerada&amp;source=gmail&amp;ust=1660697530963000&amp;usg=AOvVaw19kYyVAOu9MA7RXI6BvSEl\" rel=\"noopener\">Monitoria Remunerada<\/a><span>&nbsp;<\/span><br><br><a href=\"http:\/\/portal.utfpr.edu.br\/editais\/graduacao-e-educacao-profissional\/doisvizinhos\/edital-20-2022-dirgrad-dirge-dv-programa-de-monitoria-da-utfpr-monitoria-voluntaria\" style=\"background-color:rgb(156,177,188);color:white;text-decoration:none;padding:12px 20px;border-radius:5px;font-weight:bold;display:inline-flex\" target=\"_blank\" data-saferedirecturl=\"https:\/\/www.google.com\/url?q=http:\/\/portal.utfpr.edu.br\/editais\/graduacao-e-educacao-profissional\/doisvizinhos\/edital-20-2022-dirgrad-dirge-dv-programa-de-monitoria-da-utfpr-monitoria-voluntaria&amp;source=gmail&amp;ust=1660697530963000&amp;usg=AOvVaw0_yEnXMS4rqrZEa48Y3SVB\" rel=\"noopener\">Monitoria Volunt\u00e1ria<\/a><\/td><\/tr><\/tbody><\/table><\/td><\/tr><tr><td style=\"padding:15px 0px 5px\"><table width=\"100%\" style=\"border-spacing:0px\"><tbody><tr><td style=\"padding:0px\"><\/td><td style=\"padding:15px;text-align:center;font-size:13px\"><p style=\"font-size:20px;font-weight:bold;color:black\">PROGRAMA DE APOIO AO DOCENTE<\/p><p style=\"text-align:left;line-height:20px;font-size:15px;padding:5px 10px 15px;color:black\">Est\u00e3o abertas as inscri\u00e7\u00f5es para Apoio ao Docente &#8211; Remunerado e Apoio ao Docente &#8211; Volunt\u00e1rio da UTFPR-DV, que tem como finalidade atuar no apoio ao corpo docente dos cursos de gradua\u00e7\u00e3o do Campus. O valor da Bolsa-Monitoria do Edital 19\/2022 &#8211; DIRGRAD\/DIRGE ser\u00e1 de R$ 2.380,00 (dois mil, trezentos e oitenta reais) que ser\u00e3o depositados em conta corrente do estudante em quatro parcelas.<br><a style=\"font-weight:bold\">Inscri\u00e7\u00f5es at\u00e9 14\/08\/2022<\/a><br>D\u00favidas? Entre em contato com o N\u00facleo de Ensino (NUENS) via e-mail<span>&nbsp;<\/span><a href=\"mailto:nuens-dv@utfpr.edu.br\" style=\"color:rgb(237,106,90)\" target=\"_blank\" rel=\"noopener\">nuens-dv@utfpr.edu.br<\/a><\/p><a href=\"http:\/\/portal.utfpr.edu.br\/editais\/graduacao-e-educacao-profissional\/doisvizinhos\/edital-19-2022-dirgrad-dirge-dv-selecao-2022-2-de-estudantes-de-apoio-aos-docentes-de-graduacao\" style=\"background-color:rgb(156,177,188);color:white;text-decoration:none;padding:12px 20px;border-radius:5px;font-weight:bold;display:inline-flex\" target=\"_blank\" data-saferedirecturl=\"https:\/\/www.google.com\/url?q=http:\/\/portal.utfpr.edu.br\/editais\/graduacao-e-educacao-profissional\/doisvizinhos\/edital-19-2022-dirgrad-dirge-dv-selecao-2022-2-de-estudantes-de-apoio-aos-docentes-de-graduacao&amp;source=gmail&amp;ust=1660697530963000&amp;usg=AOvVaw1JCWQB8PNvbU6JCgi-aG66\" rel=\"noopener\">Edital Remunerado<\/a><span>&nbsp;<\/span><br><br><a href=\"http:\/\/portal.utfpr.edu.br\/editais\/graduacao-e-educacao-profissional\/doisvizinhos\/edital-21-2022-dirgrad-dirge-dv-selecao-2022-2-de-estudantes-de-apoio-aos-docentes-de-graduacao-voluntario\" style=\"background-color:rgb(156,177,188);color:white;text-decoration:none;padding:12px 20px;border-radius:5px;font-weight:bold;display:inline-flex\" target=\"_blank\" data-saferedirecturl=\"https:\/\/www.google.com\/url?q=http:\/\/portal.utfpr.edu.br\/editais\/graduacao-e-educacao-profissional\/doisvizinhos\/edital-21-2022-dirgrad-dirge-dv-selecao-2022-2-de-estudantes-de-apoio-aos-docentes-de-graduacao-voluntario&amp;source=gmail&amp;ust=1660697530963000&amp;usg=AOvVaw39R1S1atKupKoLl7nd2ifD\" rel=\"noopener\">Edital Volunt\u00e1rio<span>&nbsp;<\/span><\/a><\/td><\/tr><\/tbody><\/table><\/td><\/tr><tr><td style=\"padding:15px 0px 5px\"><table width=\"100%\" style=\"border-spacing:0px\"><tbody><tr><td style=\"padding:0px\"><\/td><td style=\"padding:15px;text-align:center;font-size:13px\"><p style=\"font-size:20px;font-weight:bold;color:black\">PROCESSO DE SELE\u00c7\u00c3O DO AUX\u00cdLIO ESTUDANTIL 2022<\/p><p style=\"text-align:left;line-height:20px;font-size:15px;padding:5px 10px 15px;color:black\">1\u00ba a 12 de agosto &#8211; Veteranos 3a: Matriculados regularmente at\u00e9 a data de inscri\u00e7\u00e3o deste grupo de estudantes, incluindo ingressantes 2022.1 que optaram por manuten\u00e7\u00e3o de v\u00ednculo ou aqueles que tiveram o pedido indeferido nas etapas 1 e 2.<br><a style=\"font-weight:bold\">Atendimento presencial: 09\/08 (14h00 \u00e0s 17h00) e 11\/08 (17h00 \u00e0s 19h00) no Centro de Conviv\u00eancia.<\/a><br>Demais dias e hor\u00e1rios de atendimento sobre o Edital: somente por agendamento com as servidoras do NUAPE:<span>&nbsp;<\/span><a href=\"https:\/\/calendly.com\/julianapalavezzini\" target=\"_blank\" data-saferedirecturl=\"https:\/\/www.google.com\/url?q=https:\/\/calendly.com\/julianapalavezzini&amp;source=gmail&amp;ust=1660697530963000&amp;usg=AOvVaw1V9LqHwyhj-1bobRSSXPUe\" rel=\"noopener\">Juliana Palavezzini<\/a>,<span>&nbsp;<\/span><a href=\"https:\/\/calendly.com\/claudiapiacentini\/\" target=\"_blank\" data-saferedirecturl=\"https:\/\/www.google.com\/url?q=https:\/\/calendly.com\/claudiapiacentini\/&amp;source=gmail&amp;ust=1660697530963000&amp;usg=AOvVaw2wJBr5k-pkCMlsevRZ3lzN\" rel=\"noopener\">Claudia Piacentini,<\/a><span>&nbsp;<\/span><a href=\"https:\/\/forms.gle\/YWwEzZByAS4S7kEd9\" target=\"_blank\" data-saferedirecturl=\"https:\/\/www.google.com\/url?q=https:\/\/forms.gle\/YWwEzZByAS4S7kEd9&amp;source=gmail&amp;ust=1660697530963000&amp;usg=AOvVaw0EhZbMA4nxYTTeQlFNwgHO\" rel=\"noopener\">Aline A. A. A. Marchesan.<\/a><span>&nbsp;<\/span>Saiba mais detalhes no Edital 2\/2022.<\/p><a href=\"https:\/\/portal.utfpr.edu.br\/editais\/assessoria-estudantil\/reitoria\/processo-de-selecao-do-auxilio-estudantil-2022\" style=\"background-color:rgb(156,177,188);color:white;text-decoration:none;padding:12px 20px;border-radius:5px;font-weight:bold;display:inline-flex\" target=\"_blank\" data-saferedirecturl=\"https:\/\/www.google.com\/url?q=https:\/\/portal.utfpr.edu.br\/editais\/assessoria-estudantil\/reitoria\/processo-de-selecao-do-auxilio-estudantil-2022&amp;source=gmail&amp;ust=1660697530963000&amp;usg=AOvVaw2Dr55ExHSJQG6uHMvrLfqA\" rel=\"noopener\">Acesse o edital<\/a><\/td><\/tr><\/tbody><\/table><\/td><\/tr><tr><td style=\"padding:15px 0px 5px\"><table width=\"100%\" style=\"border-spacing:0px\"><tbody><tr><td style=\"padding:0px\"><\/td><td style=\"padding:15px;text-align:center;font-size:13px\"><p style=\"font-size:20px;font-weight:bold;color:black\">SELE\u00c7\u00c3O DE ALUNOS PARA A DISCIPLINA DESIGN DE PRODUTOS E SERVI\u00c7OS<\/p><p style=\"text-align:left;line-height:20px;font-size:15px;padding:5px 10px 15px;color:black\">Foi PRORROGADO o edital para cursar a disciplina de Design de Produtos e Servi\u00e7os. Os interessados devem preencher o formul\u00e1rio dispon\u00edvel aqui.<br><a style=\"font-weight:bold\">Per\u00edodo de inscri\u00e7\u00f5es: at\u00e9 dia 10\/08\/2022<\/a><\/p><a href=\"https:\/\/sei.utfpr.edu.br\/sei\/publicacoes\/controlador_publicacoes.php?acao=publicacao_visualizar&amp;id_documento=3039191&amp;id_orgao_publicacao=0\" style=\"background-color:rgb(156,177,188);color:white;text-decoration:none;padding:12px 20px;border-radius:5px;font-weight:bold;display:inline-flex\" target=\"_blank\" data-saferedirecturl=\"https:\/\/www.google.com\/url?q=https:\/\/sei.utfpr.edu.br\/sei\/publicacoes\/controlador_publicacoes.php?acao%3Dpublicacao_visualizar%26id_documento%3D3039191%26id_orgao_publicacao%3D0&amp;source=gmail&amp;ust=1660697530963000&amp;usg=AOvVaw1dxU84i2BfPrqS7Rtsiy-F\" rel=\"noopener\">Acesse o edital<\/a><span>&nbsp;<\/span><br><br><a href=\"https:\/\/forms.gle\/MkEDomoWmTiW4Wag7\" style=\"color:white;text-decoration:none;padding:12px 20px;border-radius:5px;font-weight:bold;display:inline-flex;background-color:rgb(237,106,90)\" target=\"_blank\" data-saferedirecturl=\"https:\/\/www.google.com\/url?q=https:\/\/forms.gle\/MkEDomoWmTiW4Wag7&amp;source=gmail&amp;ust=1660697530963000&amp;usg=AOvVaw37U6hFM_xHGcR-qHnwu2i4\" rel=\"noopener\">Inscreva-se<\/a><\/td><\/tr><\/tbody><\/table><\/td><\/tr><tr><td style=\"padding:15px 0px 5px\"><table width=\"100%\" style=\"border-spacing:0px\"><tbody><tr><td style=\"padding:0px\"><\/td><td style=\"padding:15px;text-align:center;font-size:13px\"><p style=\"font-size:20px;font-weight:bold;color:black\">SELE\u00c7\u00c3O DE ALUNOS PARA A DISCIPLINA DESIGN DE PROCESSOS<\/p><p style=\"text-align:left;line-height:20px;font-size:15px;padding:5px 10px 15px;color:black\">Foi PRORROGADO o Edital para cursar a disciplina de Design de Processos. Os alunos interessados em participar do processo de sele\u00e7\u00e3o devem preencher o formul\u00e1rio disponibilizado aqui.<br><a style=\"font-weight:bold\">Per\u00edodo de inscri\u00e7\u00f5es: at\u00e9 dia 18\/08\/2022<\/a><\/p><a href=\"http:\/\/portal.utfpr.edu.br\/editais\/graduacao-e-educacao-profissional\/doisvizinhos\/edital-10-2022-dirgrad-dirge-dv-chamada-de-selecao-de-alunos-do-campus-dois-vizinhos-da-utfpr-para-a-disciplina-design-de-processos\" style=\"background-color:rgb(156,177,188);color:white;text-decoration:none;padding:12px 20px;border-radius:5px;font-weight:bold;display:inline-flex\" target=\"_blank\" data-saferedirecturl=\"https:\/\/www.google.com\/url?q=http:\/\/portal.utfpr.edu.br\/editais\/graduacao-e-educacao-profissional\/doisvizinhos\/edital-10-2022-dirgrad-dirge-dv-chamada-de-selecao-de-alunos-do-campus-dois-vizinhos-da-utfpr-para-a-disciplina-design-de-processos&amp;source=gmail&amp;ust=1660697530963000&amp;usg=AOvVaw1kaGRGCmA4_2EDDIM8ZAjN\" rel=\"noopener\">Acesse o edital<\/a><span>&nbsp;<\/span><br><br><a href=\"https:\/\/forms.gle\/3YAoVbKJxjkKcnvr9\" style=\"background-color:rgb(237,106,90);color:white;text-decoration:none;padding:12px 20px;border-radius:5px;font-weight:bold;display:inline-flex\" target=\"_blank\" data-saferedirecturl=\"https:\/\/www.google.com\/url?q=https:\/\/forms.gle\/3YAoVbKJxjkKcnvr9&amp;source=gmail&amp;ust=1660697530963000&amp;usg=AOvVaw1ibEN28IxZaSejVxXiP1TJ\" rel=\"noopener\">Inscreva-se<\/a><\/td><\/tr><\/tbody><\/table><\/td><\/tr><tr><td style=\"padding:15px 0px\"><table width=\"100%\" style=\"border-spacing:0px\"><tbody><tr><td style=\"padding:0px\"><\/td><td style=\"padding:15px;text-align:center;font-size:13px\"><p style=\"font-size:20px;font-weight:bold;color:black\">AUX\u00cdLIO \u00c0 PARTICIPA\u00c7\u00c3O DE DISCENTES EM EVENTOS 2022<\/p><p style=\"text-align:left;line-height:20px;font-size:15px;padding:5px 10px 15px;color:black\">Vai a um evento importante neste ano e precisa de uma forcinha? Ent\u00e3o, se liga no edital de Aux\u00edlio em Eventos! As solicita\u00e7\u00f5es de aux\u00edlio \u00e0 participa\u00e7\u00e3o em eventos poder\u00e3o ser realizadas em fluxo cont\u00ednuo no per\u00edodo de 04\/05 a 30\/11\/2022 ou at\u00e9 que se esgotem os recursos financeiros previstos para este Edital. As solicita\u00e7\u00f5es dever\u00e3o ser realizadas pelo(a) estudante requerente, via Formul\u00e1rio de Inscri\u00e7\u00e3o em Evento.<\/p><a href=\"http:\/\/portal.utfpr.edu.br\/editais\/assessoria-estudantil\/reitoria\/auxilio-a-participacao-de-discentes-em-eventos-2022\" style=\"background-color:rgb(156,177,188);color:white;text-decoration:none;padding:12px 20px;border-radius:5px;font-weight:bold;display:inline-flex\" target=\"_blank\" data-saferedirecturl=\"https:\/\/www.google.com\/url?q=http:\/\/portal.utfpr.edu.br\/editais\/assessoria-estudantil\/reitoria\/auxilio-a-participacao-de-discentes-em-eventos-2022&amp;source=gmail&amp;ust=1660697530963000&amp;usg=AOvVaw3DDjyK87TsgfXRvc4YyXFC\" rel=\"noopener\">Acesse o edital<\/a><span>&nbsp;<\/span><br><br><a href=\"https:\/\/portal.utfpr.edu.br\/alunos\/bolsas\/auxilio-estudantil\/formularios\/copy4_of_formulario-de-inscricao-para-auxilio-a-participacao-de-discente-em-eventos\" style=\"color:white;text-decoration:none;padding:12px 20px;border-radius:5px;font-weight:bold;display:inline-flex;background-color:rgb(237,106,90)\" target=\"_blank\" data-saferedirecturl=\"https:\/\/www.google.com\/url?q=https:\/\/portal.utfpr.edu.br\/alunos\/bolsas\/auxilio-estudantil\/formularios\/copy4_of_formulario-de-inscricao-para-auxilio-a-participacao-de-discente-em-eventos&amp;source=gmail&amp;ust=1660697530963000&amp;usg=AOvVaw1y40yfEkOewpMbp2eFOPA0\" rel=\"noopener\">Inscreva-se<\/a><\/td><\/tr><\/tbody><\/table><\/td><\/tr><tr><td style=\"padding:0px;background-color:rgb(93,87,107)\"><table width=\"100%\" style=\"border-spacing:0px\"><tbody><tr><td style=\"padding:45px 20px;text-align:center;color:white\"><a href=\"https:\/\/portal.utfpr.edu.br\/estrutura\/grad\/contatos\/dois-vizinhos\" target=\"_blank\" data-saferedirecturl=\"https:\/\/www.google.com\/url?q=https:\/\/portal.utfpr.edu.br\/estrutura\/grad\/contatos\/dois-vizinhos&amp;source=gmail&amp;ust=1660697530963000&amp;usg=AOvVaw3ux3fbDL3FBbN0-qYO_yDa\" rel=\"noopener\"><img src=\"https:\/\/ci3.googleusercontent.com\/proxy\/RU1etCoDbEe7HfCOqKyzbKYOzlJZljvyI1XoqAifReIAgJfN4H28U1iKjv-1NCqW1-jW5SmfaFRQUJzy0JZIDJ7gAcAcr2LyH6kWSY5Hi_ZjlaPKbqJUHPt5vlMls65lBGTgqPlPhEEizLk6oarH607b=s0-d-e1-ft#https:\/\/cdn.discordapp.com\/attachments\/228935864397332480\/989914455016112148\/Dirgrad_logo_1.png\" alt=\"\" width=\"180\" style=\"border:0px\" class=\"CToWUd\" data-bit=\"iit\"><\/a><p style=\"padding:10px\">Voc\u00ea possui algum evento ou informe importante que envolve a Gradua\u00e7\u00e3o? Compartilhe com a gente!<\/p><a href=\"https:\/\/www.instagram.com\/graduacao.utfprdv\/\" target=\"_blank\" data-saferedirecturl=\"https:\/\/www.google.com\/url?q=https:\/\/www.instagram.com\/graduacao.utfprdv\/&amp;source=gmail&amp;ust=1660697530963000&amp;usg=AOvVaw0NeYPTVOyjsNZjYaMtVkck\" rel=\"noopener\"><img src=\"https:\/\/ci5.googleusercontent.com\/proxy\/WWBy8EMcWxkNxncD0S6wE2Ra8UJQVa2yPOWmn2KAm1aMiZEH_gEOPtpRInzi9ABIpwTv4a76PRmtOGMqvHbpW4OgJl9DB7JvUiH1bfDUFYmB7splNFUloATAB9_yEdtZFZNnsDpzCJYO7weYGVuyJoXmKqYdpPFv=s0-d-e1-ft#https:\/\/cdn.discordapp.com\/attachments\/228935864397332480\/1001882771918180494\/IMG-20220727-WA0014.jpg\" alt=\"insta\" width=\"40\" style=\"border:0px\" class=\"CToWUd\" data-bit=\"iit\"><\/a><span>&nbsp;<\/span><a href=\"https:\/\/www.facebook.com\/graduacao.utfprdv\" target=\"_blank\" data-saferedirecturl=\"https:\/\/www.google.com\/url?q=https:\/\/www.facebook.com\/graduacao.utfprdv&amp;source=gmail&amp;ust=1660697530963000&amp;usg=AOvVaw123uOR6S3bOG0ZvrokaAlb\" rel=\"noopener\"><img src=\"https:\/\/ci5.googleusercontent.com\/proxy\/kgjknk6UsVSoVTYW1ekYCYreWHp1z5AmtrGLDyHgC6DGSzNFiteozms56Mo1BA6zZc5DHp4F5MFKeEWMHPoz9rEpbnPN0a1p5vubrf3T4e5ngnXQOGQMRcTM26h5rlQc2YQytTm2Dm-kjtgyWhIE_iWSJu8p5ObH=s0-d-e1-ft#https:\/\/cdn.discordapp.com\/attachments\/228935864397332480\/1001882772362756197\/IMG-20220727-WA0012.jpg\" alt=\"face\" width=\"40\" style=\"border:0px\" class=\"CToWUd\" data-bit=\"iit\"><\/a><span>&nbsp;<\/span><a href=\"mailto:nuens-dv@utfpr.edu.br\" target=\"_blank\" rel=\"noopener\"><img src=\"https:\/\/ci6.googleusercontent.com\/proxy\/6_QgFJ81LTTd6bogL4vNb7HO6_XvRSp79aKI4s-eOv3U5YhMhoxbTqog9BNuA5DC7_pONI_NwjDs_3nORsr9NnPMx0M8wfmWiVLobxOtM5kSe7U9QfvS7e7Oial7T-ePHlV9oqiO-pyu-NhfmqSpkHZAQxFgBrky=s0-d-e1-ft#https:\/\/cdn.discordapp.com\/attachments\/228935864397332480\/1001882772119490641\/IMG-20220727-WA0013.jpg\" alt=\"email\" width=\"40\" style=\"border:0px\" class=\"CToWUd\" data-bit=\"iit\"><\/a><span>&nbsp;<\/span><a href=\"https:\/\/sistemas.dv.utfpr.edu.br\/agenda\/\" target=\"_blank\" data-saferedirecturl=\"https:\/\/www.google.com\/url?q=https:\/\/sistemas.dv.utfpr.edu.br\/agenda\/&amp;source=gmail&amp;ust=1660697530963000&amp;usg=AOvVaw3ZiWJiKmHrv4Pz_O6qhk_q\" rel=\"noopener\"><img src=\"https:\/\/ci5.googleusercontent.com\/proxy\/DEHfkiDaL-t4uILlq8pxMO_7vJa66MZk5tsQ5ObvSGsD5n8CDpM2uXfm6io31tajwuZJQpiCKgyz8nu07ApgLrUoFdCCnrcWPTpwBf8bqZAdGml8ixlEgIjCg_8mlo_jdkCCK2ckX-Jj8-DS2MdPcpMB5G-TmFt5=s0-d-e1-ft#https:\/\/cdn.discordapp.com\/attachments\/228935864397332480\/1001882771641335808\/IMG-20220727-WA0015.jpg\" alt=\"calendario\" width=\"40\" style=\"border:0px\" class=\"CToWUd\" data-bit=\"iit\"><\/a><\/td><\/tr><\/tbody><\/table><\/td><\/tr><\/tbody><\/table><\/div><div class=\"yj6qo\"><\/div><div class=\"adL\">\n<\/div><\/div><\/div>\n","protected":false},"excerpt":{"rendered":"<p>&nbsp; &#8220;O principal objetivo da educa\u00e7\u00e3o \u00e9 criar pessoas capazes de fazer coisas novas e n\u00e3o simplesmente repetir o que &hellip; <\/p>\n","protected":false},"author":3,"featured_media":0,"comment_status":"closed","ping_status":"open","sticky":false,"template":"","format":"standard","meta":[],"categories":[1],"tags":[],"_links":{"self":[{"href":"https:\/\/dirgrad.dv.utfpr.edu.br\/site\/wp-json\/wp\/v2\/posts\/966"}],"collection":[{"href":"https:\/\/dirgrad.dv.utfpr.edu.br\/site\/wp-json\/wp\/v2\/posts"}],"about":[{"href":"https:\/\/dirgrad.dv.utfpr.edu.br\/site\/wp-json\/wp\/v2\/types\/post"}],"author":[{"embeddable":true,"href":"https:\/\/dirgrad.dv.utfpr.edu.br\/site\/wp-json\/wp\/v2\/users\/3"}],"replies":[{"embeddable":true,"href":"https:\/\/dirgrad.dv.utfpr.edu.br\/site\/wp-json\/wp\/v2\/comments?post=966"}],"version-history":[{"count":1,"href":"https:\/\/dirgrad.dv.utfpr.edu.br\/site\/wp-json\/wp\/v2\/posts\/966\/revisions"}],"predecessor-version":[{"id":967,"href":"https:\/\/dirgrad.dv.utfpr.edu.br\/site\/wp-json\/wp\/v2\/posts\/966\/revisions\/967"}],"wp:attachment":[{"href":"https:\/\/dirgrad.dv.utfpr.edu.br\/site\/wp-json\/wp\/v2\/media?parent=966"}],"wp:term":[{"taxonomy":"category","embeddable":true,"href":"https:\/\/dirgrad.dv.utfpr.edu.br\/site\/wp-json\/wp\/v2\/categories?post=966"},{"taxonomy":"post_tag","embeddable":true,"href":"https:\/\/dirgrad.dv.utfpr.edu.br\/site\/wp-json\/wp\/v2\/tags?post=966"}],"curies":[{"name":"wp","href":"https:\/\/api.w.org\/{rel}","templated":true}]}}