{"id":963,"date":"2022-08-15T21:50:02","date_gmt":"2022-08-16T00:50:02","guid":{"rendered":"https:\/\/dirgrad.dv.utfpr.edu.br\/site\/?p=963"},"modified":"2022-08-16T14:36:42","modified_gmt":"2022-08-16T17:36:42","slug":"informe-semanal-03-de-agosto-de-2022","status":"publish","type":"post","link":"https:\/\/dirgrad.dv.utfpr.edu.br\/site\/informe-semanal-03-de-agosto-de-2022\/","title":{"rendered":"Informe semanal 03 de agosto de 2022"},"content":{"rendered":"\n<style type=\"text\/css\">\n\tbody {\n\t\tmargin: 0;\n\t\tbackground-color: #cccccc;\n\t}\n\ttable {\n\t\tborder-spacing: 0;\n\t}\n\ttd {\n\t\tpadding: 0;\n\t}\n\timg {\n\t\tborder: 0;\n\t}\n\t.wrapper{\n\t\twidth: 100%;\n\t\ttable-layout: fixed;\n\t\tbackground-color: #cccccc;\n\t\tpadding-bottom: 60px;\n\t}\n\t.main{\n\t\tbackground-color: white;\n\t\tmargin: 0 auto;\n\t\twidth: 100%;\n\t\tmax-width: 600px;\n\t\tborder-spacing: 0;\n\t\tfont-family: sans-serif;\n\t\tcolor: #171a1b\n\t}\n\t.two-columns{\n\t\ttext-align: center;\n\t\tfont-size: 0;\n\t}\n\t.two-columns .column{\n\t\t\n\t\tmax-width: 300px;\n\t\tdisplay: inline-flex;\n\t\tvertical-align: middle;\n\t\ttext-align: left;\n\t}\n\t.buttons{\n\t\twidth: 100%;\n\t\tmax-width: 200px;\n\t\tdisplay: inline-block;\n\t\tvertical-align: top;\n\t\ttext-align: center;\n\t}\n\n\t.two-columns.last{\n\t\tpadding: 15px 0;\n\t}\n\t.two-columns .padding{\n\t\tpadding: 10px;\n\t}\n\t.two-columns .content{\n\t\tfont-size: 15px;\n\t\tline-height: 20px;\n\t\ttext-align: left;\n\t}\n\t.button{\n\t\tbackground-color: white;\n\t\tcolor: #171a1b;\n\t\ttext-decoration: none;\n\t\tpadding: 12px 20px;\n\t\tborder-radius: 5px;\n\t\tfont-weight: bold;\n\t\ttext-align: center;\n\t}.text\u00e3o{\n\t\ttext-align: center;\n\t\tpadding: 15px;\n\t}\n\t.button-dark{\n\t\tbackground-color: #9CB1BC;\n\t\tcolor: white;\n\t\ttext-decoration: none;\n\t\tpadding: 12px 20px;\n\t\tborder-radius: 5px;\n\t\tfont-weight: bold;\n\t\tdisplay: inline-flex;\n\t\ttext-align: center;\n\t\t\n\t\t\n\t}\n\t.Imagem{\n\t\twidth: 270px; \n\t\theight: 320px; \n\t\tmax-width: 260px;\n\t\tmax-height: 320px;\n\t}\n\t\n\t@media only screen and (max-width: 600px){\n\t\t.Imagem{\n\t\twidth: 270px!important; \n\t\theight: 270px!important ; \n\t\tmax-width: 260px!important;\n\t\tmax-height: 240px!important;\n\n\t\t}\n\t\t.button-dark{\n\t\tbackground-color: #9CB1BC;\n\t\tcolor: white;\n\t\ttext-decoration: none;\n\t\tpadding: 12px 20px;\n\t\tborder-radius: 5px;\n\t\tfont-weight: bold;\n\t\ttext-align: center;\n\t}\n\t}\n\n<\/style>\n\n\n\n\t<center class=\"wrapper\">\n\t\t<table class=\"main\" width=\"100%\">\n\n<!-- TOP BORDER -->\n\t\t\t<tbody><tr>\n\t\t\t\t<td height=\"8\" style=\"background-color: #FFBA0A;\"><\/td>\n\t\t\t<\/tr>\n<!-- LOGOS -->\n<tr>\n\t<td style=\"padding: 0px 0 0px; background-color: #5D576B;\">\n\t\t<table width=\"100%\">\n\t\t\t<tbody><tr>\n\t\t\t\t<td class=\"two-columns\">\n\n\t\t\t\t\t<table class=\"column\">\n\t\t\t\t\t\t<tbody><tr>  \n\t\t\t\t\t\t\t<td style=\"padding: 20PX 20px 10px;\">\n\t\t\t\t\t\t\t\t<a href=\"https:\/\/portal.utfpr.edu.br\/estrutura\/grad\/contatos\/dois-vizinhos\">\n\t\t\t\t\t\t\t\t\t<img src=\"https:\/\/cdn.discordapp.com\/attachments\/1002282037090205706\/1004085676393906186\/DIRGRAD_LOGO_definitivo.png\" width=\"190\" max-width=\"190\" title=\"Modern Logo\"><\/a>\t\n\t\t\t\t\t\t\t<\/td>\n\t\t\t\t\t\t<\/tr>\n\t\t\t\t\t<\/tbody><\/table>\n\n\t\t\t\t\t<table class=\"column\">\n\t\t\t\t\t\t<tbody><tr>\n\t\t\t\t\t\t\t<td style=\"padding: 0 20px 10px;\">\n\t\t\t\t\t\t\t\t<a href=\"https:\/\/portal.utfpr.edu.br\/estrutura\/grad\/contatos\/dois-vizinhos\">\n\t\t\t\t\t\t\t\t\t<img src=\"https:\/\/cdn.discordapp.com\/attachments\/1002282037090205706\/1004355434678853652\/informe_03-08.png\" width=\"280\" max-width=\"280\" title=\"Modern Logo\"><\/a>\n\t\t\t\t\t\t\t<\/td>\n\t\t\t\t\t\t<\/tr>\n\t\t\t\t\t<\/tbody><\/table>\n\n\t\t\t\t<\/td>\n\t\t\t<\/tr>\n\n\n\t\t<\/tbody><\/table>\n\t<\/td>\n<\/tr>\n\n\n\n<!-- BANNER IMAGEM -->\n\t\t\t<tr>\n\t\t\t\t<td>\n\t\t\t\t\t<a href=\"#\"><img src=\"https:\/\/i.ibb.co\/L1VmTnW\/Capa.png\" alt=\"\" width=\"600\" style=\"max-width: 100%;\"><\/a>\n\t\t\t\t<\/td>\n\t\t\t<\/tr>\n\n<!-- Motivacionais -->\n<tr>\n\t<td style=\"padding: 0px 0 0px;\">\n\t\t<table width=\"100%\">\n\t\t\t<tbody><tr><td>\n\t\t\t\t<\/td><td style=\"text-align: center; padding: 45px;\">\n\t\t\t\t\t<p style=\"font-size: 25px; font-weight: bold;color: black\">&#8220;Nada de importante no mundo foi realizado sem paix\u00e3o.&#8221;<\/p>\n\t\t\t\t\t<p style=\"line-height: 20px; font-size: 15px; padding: 0px 0 5px;color: black\">\n\t\t\t\t\t\t &#8211; Georg Wilhelm &#8211;\n\t\t\t\t\t<\/p><br><br>\n\t\t\t\t\t<p style=\"line-height: 20px; font-size: 15px; padding: 0px 0 5px;color: black\">\n\t\t\t\t\t\tEsse \u00e9 o primeiro informe que enviamos em HTML (estilo propaganda de empresa grande). \nSe voc\u00ea notar algum problema, avisa a gente! Estamos sempre trabalhando para melhorar os canais de comunica\u00e7\u00e3o da DIRGRAD-DV.\n\t\t\t\t   <\/p>\n\t\t\t\t<\/td>\n\t\t\t\n\t\t<\/tr><\/tbody><\/table>\n\t<\/td>\n<\/tr>\n\n<!-- TEXTO IMAGEM -->\n<tr>\n\t<td style=\"background-color: #5D576B; color: white;\">\n\t\t<table width=\"100%\">\n\t\t\t<tbody><tr>\n\t\t\t\t<td class=\"two-columns last\">\n\t\t\t\t\t<table class=\"column\">\n\t\t\t\t\t\t<tbody><tr>\n\t\t\t\t\t\t\t<td class=\"padding\">\n\t\t\t\t\t\t\t\t<table class=\"content\">\n\t\t\t\t\t\t\t\t\t<tbody><tr>\n\t\t\t\t\t\t\t\t\t\t<td>\n\t\t\t\t\t\t\t\t\t\t\t<p style=\"font-weight: bold; font-size: 17px; color: white;\">PR\u00d3XIMAS ETAPAS DA MATR\u00cdCULA DE VETERANOS<\/p>\n\t\t\t\t\t\t\t\t\t\t\t<p style=\"padding-bottom: 0px ; color: white\">\n\t\t\t\t\t\t\t\t\t\t\t\tEi veterano, fique atento para os pr\u00f3ximos passos no processo de matr\u00edcula:<br>\n\t\t\t\t\t\t\t\t\t\t\t\t04\/08\/2022 &#8211; Ajuste\/Confirma\u00e7\u00e3o<br>\n\t\t\t\t\t\t\t\t\t\t\t\t05\/08\/2022 &#8211; Inclus\u00e3o<br><br>\n\t\t\t\t\t\t\t\t\t\t\t\tAl\u00e9m disso, h\u00e1 tamb\u00e9m a possibilidade de matr\u00edcula intercampus e para alunos externos. \n\t\t\t\t\t\t\t\t\t\t\t\tPara conferir todas as informa\u00e7\u00f5es e instru\u00e7\u00f5es de matr\u00edcula, \n\t\t\t\t\t\t\t\t\t\t\t\t<a href=\"https:\/\/portal.utfpr.edu.br\/secretaria\/dois-vizinhos\/matricula\" target=\"_blank\" style=\"color: #FFBA0A;\" rel=\"noopener\">clique aqui.<\/a><br>\n\t\t\t\t\t\t\t\t\t\t\t\tPrepara a mochila e os cadernos que as aulas ter\u00e3o in\u00edcio no dia 11\/08\/2022!\n\t\t\t\t\t\t\t\t\t\t\t\t<\/p>\n\t\t\t\t\t\t\t\t\t\t<\/td>\n\t\t\t\t\t\t\t\t\t<\/tr>\n\t\t\t\t\t\t\t\t<\/tbody><\/table>\n\t\t\t\t\t\t\t<\/td>\n\t\t\t\t\t\t<\/tr>\n\t\t\t\t\t<\/tbody><\/table>\n\t\t\t\t\t<table class=\"column\">\n\t\t\t\t\t\t<tbody><tr>\n\t\t\t\t\t\t\t<td class=\"padding\">\n\t\t\t\t\t\t\t\t<table class=\"content\">\n\t\t\t\t\t\t\t\t\t<tbody><tr>\n\t\t\t\t\t\t\t\t\t\t<td>\n\t\t\t\t\t\t\t\t\t\t\t<img class=\"Imagem\" src=\"https:\/\/cdn.discordapp.com\/attachments\/1002282037090205706\/1004384807163265125\/1.png\" alt=\"\">\n\t\t\t\t\t\t\t\t\t\t<\/td>\n\t\t\t\t\t\t\t\t\t<\/tr>\n\t\t\t\t\t\t\t\t<\/tbody><\/table>\n\t\t\t\t\t\t\t<\/td>\n\t\t\t\t\t\t<\/tr>\n\t\t\t\t\t<\/tbody><\/table>\n\t\t\t\t<\/td>\n\t\t\t<\/tr>\n\t\t<\/tbody><\/table>\n\t<\/td>\n<\/tr>\n<!-- TEXT\u00c3O -->\n<tr>\n\t<td style=\"padding: 15px 0 5px;\">\n\t\t<table width=\"100%\">\n\t\t\t<tbody><tr><td>\n\t\t\t\t<\/td><td class=\"text\u00e3o\">\n\t\t\t\t\t<p style=\"text-align: center; font-size: 20px; font-weight: bold;color: black\"> NOVAS MATRIZES DOS CURSOS<\/p>\n\t\t\t\t\t<p style=\"text-align: left;line-height: 20px; font-size: 13px; padding: 10px 10px 15px;color: black\">\n\t\t\t\t\t\tOntem ocorreu o II Workshop das Coordena\u00e7\u00f5es de Curso do campus. \n\t\t\t\t\t\tNele foram apresentadas as principais mudan\u00e7as em cada Projeto Pedag\u00f3gico de Curso. \n\t\t\t\t\t\tPara facilitar o acesso de todos \u00e0s matrizes curriculares (disciplinas, carga hor\u00e1ria, etc.) \n\t\t\t\t\t\tdisponibilizamos uma tabela para consulta, <a href=\"https:\/\/docs.google.com\/spreadsheets\/d\/1RyHkH3y6Xr-lHziN3JAU8KF\n\t\t\t\t\t\t14TVlB0fb7JpX6voARKU\/edit?usp=sharing\" target=\"_blank\" style=\"color: #FFBA0A;\" rel=\"noopener\">clique aqui!<\/a>\n\t\t\t\t\t<\/p>\n\t\t\t\t<\/td>\n\t\t\t\n\t\t<\/tr><\/tbody><\/table>\n\t<\/td>\n<\/tr>\n<!-- TEXT\u00c3O -->\n<tr>\n\t<td style=\"padding: 15px 0 0px;\">\n\t\t<table width=\"100%\">\n\t\t\t<tbody><tr><td>\n\t\t\t\t<\/td><td class=\"text\u00e3o\" style=\"background-color:#5D576B;\" !important=\"\">\n\t\t\t\t\t<p style=\"text-align: center; font-size: 20px; font-weight: bold;color: white\"> RECEP\u00c7\u00c3O DE CALOUROS<\/p>\n\t\t\t\t\t<p style=\"text-align: left; line-height: 20px; font-size: 13px; padding: 10px 10px 15px;color: white\">\n\t\t\t\t\t\tSemana que vem recebemos nossos calouros!!\n\t\t\t\t\t\tAs atividades acontecer\u00e3o de manh\u00e3, tarde e noite nos dias 08, 09 e 10 de agosto. O primeiro dia \n\t\t\t\t\t\tser\u00e1 de acolhimento com passeios para conhecer o campus, o segundo dia \u00e9 voltado para atividades \n\t\t\t\t\t\tdas coordena\u00e7\u00f5es de cursos e, no terceiro dia ser\u00e3o realizados cursos e oficinas ligados ao \n\t\t\t\t\t\tdia-a-dia do aluno, tais como acesso ao portal do aluno, Moodle e aux\u00edlio estudantil. Al\u00e9m \n\t\t\t\t\t\tdesses tr\u00eas dias, ainda haver\u00e3o atividades complementares que ser\u00e3o realizadas ao longo do semestre.\n\t\t\t\t\t\t<a href=\"https:\/\/drive.google.com\/file\/d\/1NCqC2mIHD5k4Mp29M678KdnaMjKlzam4\/view?usp=sharing\" target=\"_blank\" style=\"color: #FFBA0A;\" rel=\"noopener\">Clique aqui<\/a>\n\t\t\t\t\t\t  para acessar a programa\u00e7\u00e3o completa.\n\t\t\t\t\t<\/p>\n\t\t\t\t<\/td>\n\t\t\t\n\t\t<\/tr><\/tbody><\/table>\n\t<\/td>\n<\/tr>\n\n\n<!-- TEXTO IMAGEM -->\n\t\t\t<tr>\n\t\t\t\t<td style=\"background-color: #ED6A5A; color: white;\">\n\t\t\t\t\t<table width=\"100%\">\n\t\t\t\t\t\t<tbody><tr>\n\t\t\t\t\t\t\t<td class=\"two-columns last\">\n\t\t\t\t\t\t\t\t<table class=\"column\">\n\t\t\t\t\t\t\t\t\t<tbody><tr>\n\t\t\t\t\t\t\t\t\t\t<td class=\"padding\">\n\t\t\t\t\t\t\t\t\t\t\t<table class=\"content\">\n\t\t\t\t\t\t\t\t\t\t\t\t<tbody><tr>\n\t\t\t\t\t\t\t\t\t\t\t\t\t<td>\n\t\t\t\t\t\t\t\t\t\t\t\t\t\t<img class=\"Imagem\" src=\"https:\/\/cdn.discordapp.com\/attachments\/1002282037090205706\/1004384807582711919\/2.png\" alt=\"\">\n\t\t\t\t\t\t\t\t\t\t\t\t\t<\/td>\n\t\t\t\t\t\t\t\t\t\t\t\t<\/tr>\n\t\t\t\t\t\t\t\t\t\t\t<\/tbody><\/table>\n\t\t\t\t\t\t\t\t\t\t<\/td>\n\t\t\t\t\t\t\t\t\t<\/tr>\n\t\t\t\t\t\t\t\t<\/tbody><\/table>\n\t\t\t\t\t\t\t\t<table class=\"column\">\n\t\t\t\t\t\t\t\t\t<tbody><tr>\n\t\t\t\t\t\t\t\t\t\t<td class=\"padding\">\n\t\t\t\t\t\t\t\t\t\t\t<table class=\"content\">\n\t\t\t\t\t\t\t\t\t\t\t\t<tbody><tr>\n\t\t\t\t\t\t\t\t\t\t\t\t\t<td>\n\t\t\t\t\t\t\t\t\t\t\t\t\t\t<p style=\"font-weight: bold; font-size: 16px;color: white\"> PROCEDIMENTOS DA DIRGRAD-DV <\/p>\n\t\t\t\t\t\t\t\t\t\t\t\t\t\t<p style=\"text-align: left; padding-bottom: 0px;color: white\">\n\t\t\t\t\t\t\t\t\t\t\t\t\t\t\tRegistro de A\u00e7\u00e3o de Ensino: <a href=\"https:\/\/cloud.utfpr.edu.br\/index.php\/s\/68Cp37DszJ2GBhQ\" target=\"_blank\" style=\"color: #FFBA0A;\" rel=\"noopener\">clique aqui.<\/a><br>\n\t\t\t\t\t\t\t\t\t\t\t\t\t\t\tHomologa\u00e7\u00e3o de Projeto de Ensino: <a href=\"https:\/\/cloud.utfpr.edu.br\/index.php\/s\/PZIQmeMJw3HUER8\" target=\"_blank\" style=\"color: #FFBA0A;\" rel=\"noopener\">clique aqui.<\/a><\/p>\n\t\t\t\t\t\t\t\t\t\t\t\t\t\t<br>\n\t\t\t\t\t\t\t\t\t\t\t\t\t\t<p style=\"font-weight: bold; font-size: 16px;color: white\"> ATENDIMENTO DO NUAPE<\/p>\n\t\t\t\t\t\t\t\t\t\t\t\t\t\t<p style=\"text-align: left; padding-bottom: 0px;color: white\">\n\t\t\t\t\t\t\t\t\t\t\t\t\t\t\tAgende seu hor\u00e1rio de atendimento pelos links abaixo \n\t\t\t\t\t\t\t\t\t\t\t\t\t\t\t(tanto para tirar d\u00favidas sobre editais, \n\t\t\t\t\t\t\t\t\t\t\t\t\t\t\tcomo para solicitar atendimento especializado):<br>\n\t\t\t\t\t\t\t\t\t\t\t\t\t\t\tAssistente social <a href=\"https:\/\/calendly.com\/julianapalavezzini\" target=\"_blank\" style=\"color: #FFBA0A;\" rel=\"noopener\">Juliana Palavezzini<\/a>;<br>\n\t\t\t\t\t\t\t\t\t\t\t\t\t\t\tPedagoga <a href=\"https:\/\/calendly.com\/claudiapiacentini\/\" target=\"_blank\" style=\"color: #FFBA0A;\" rel=\"noopener\">Claudia Piacentini<\/a>;<br>\n\t\t\t\t\t\t\t\t\t\t\t\t\t\t\tPsic\u00f3loga  <a href=\"https:\/\/forms.gle\/YWwEzZByAS4S7kEd9\" target=\"_blank\" style=\"color: #FFBA0A;\" rel=\"noopener\">Aline A. A. A. Marchesan<\/a>.<br>\n\t\t\t\t\t\t\t\t\t\t\t\t\t\t\t\n\t\t\t\t\t\t\t\t\t\t\t\t\t\t<\/p>\n\t\t\t\t\t\t\t\t\t\t\t\t\t<\/td>\n\t\t\t\t\t\t\t\t\t\t\t\t<\/tr>\n\t\t\t\t\t\t\t\t\t\t\t<\/tbody><\/table>\n\t\t\t\t\t\t\t\t\t\t<\/td>\n\t\t\t\t\t\t\t\t\t<\/tr>\n\t\t\t\t\t\t\t\t<\/tbody><\/table>\n\t\t\t\t\t\t\t<\/td>\n\t\t\t\t\t\t<\/tr>\n\t\t\t\t\t<\/tbody><\/table>\n\t\t\t\t<\/td>\n\t\t\t<\/tr>\n<!-- EDITAIS ABERTOS -->\n\t\t\t<tr>\n\t\t\t\t<td style=\"padding: 0px 0 0px;\">\n\t\t\t\t\t<table width=\"100%\">\n\t\t\t\t\t\t<tbody><tr><td>\n\t\t\t\t\t\t\t<\/td><td style=\"text-align: center; padding: 0px;\">\n\t\t\t\t\t\t\t\t<p style=\"text-align: center; font-size: 25px; font-weight: bold;color: black\">EDITAIS ABERTOS<\/p>\n\t\t\t\t\t\t\t<\/td>\n\t\t\t\t\t\t\n\t\t\t\t\t<\/tr><\/tbody><\/table>\n\t\t\t\t<\/td>\n\t\t\t<\/tr>\n<!-- TEXT\u00c3O -->\n<tr>\n\t<td style=\"padding: 15px 0 5px;\">\n\t\t<table width=\"100%\">\n\t\t\t<tbody><tr><td>\n\t\t\t\t<\/td><td class=\"text\u00e3o\">\n\t\t\t\t\t<p style=\"text-align: center; font-size: 20px; font-weight: bold;color: black\"> CALEM &#8211; ABERTURA CURSOS DE L\u00cdNGUA INGLESA<\/p>\n\t\t\t\t\t<p style=\"text-align: left; line-height: 20px; font-size: 13px; padding: 5px 10px 15px;color: black\">\n\t\t\t\t\t\tFoi publicado o Edital CALEM para cursos que ser\u00e3o ofertados no semestre 2\/2022. Para mais informa\u00e7\u00f5es, acesse o Edital!<br> \n\t\t\t\t\t\t<a style=\"font-weight: bold;\">Per\u00edodo de inscri\u00e7\u00f5es para teste de nivelamento: de 08\/08 \u00e0 16\/08\/2022.<\/a><br> \n\t\t\t\t\t\t<a style=\"font-weight: bold;\">Per\u00edodo de inscri\u00e7\u00f5es para alunos e servidores interessados no Ingl\u00eas 1: \n\t\t\t\t\t\tde 11\/08 \u00e0 17\/08\/2022.<\/a>\n\t\t\t\t\t<\/p>\n\t\t\t\t\t\n\t\t\t\t\t\t<a href=\"https:\/\/sei.utfpr.edu.br\/sei\/publicacoes\/controlador_\n\t\t\t\t\t\t\tpublicacoes.php?acao=publicacao_visualizar&amp;id_documento=3120611&amp;id_\n\t\t\t\t\t\t\torgao_publicacao=0\" target=\"_blank\" class=\"button-dark\" rel=\"noopener\"> Acesse o edital<\/a>\n\t\n\t\t\t\t<\/td>\n\t\t\t\n\t\t<\/tr><\/tbody><\/table>\n\t<\/td>\n<\/tr>\n<!-- TEXT\u00c3O -->\n<tr>\n\t<td style=\"padding: 15px 0 5px;\">\n\t\t<table width=\"100%\">\n\t\t\t<tbody><tr><td>\n\t\t\t\t<\/td><td class=\"text\u00e3o\">\n\t\t\t\t\t<p style=\"text-align: center; font-size: 20px; font-weight: bold;color: black\"> SELE\u00c7\u00c3O DE ACAD\u00caMICOS PARA O PET ENGENHARIA FLORESTAL<\/p>\n\t\t\t\t\t<p style=\"text-align: left; line-height: 20px; font-size: 13px; padding: 5px 10px 15px;color: black\">\n\t\t\t\t\t\tEst\u00e3o abertas as inscri\u00e7\u00f5es para o processo de sele\u00e7\u00e3o de estudantes do curso de Engenharia Florestal para o Programa de Educa\u00e7\u00e3o Tutorial (PET),\n\t\t\t\t\t\t destinado ao provimento de 02 (duas) vagas de bolsistas e at\u00e9 06 (seis) vagas de cadastro reserva. Os estudantes selecionados, receber\u00e3o uma bolsa mensal no valor de R$ 400,00 (quatrocentos reais) depositados em conta corrente espec\u00edfica, \n\t\t\t\t\t\toriunda de recursos do FNDE. Para mais informa\u00e7\u00f5es, acesse o Edital.<br>\n\t\t\t\t\t\t<a style=\"font-weight: bold;\">Per\u00edodo de Inscri\u00e7\u00f5es: at\u00e9 14\/08\/2022\n\t\t\t\t\t\tde 11\/08 \u00e0 17\/08\/2022.<\/a>\n\t\t\t\t\t<\/p>\n\t\t\t\t\t<a href=\"http:\/\/www.utfpr.edu.br\/editais\/graduacao-e-educacao-profissional\n\t\t\t\t\t\/doisvizinhos\/edital-017-2022-dirgrad-dirge-dv-processo-de-selecao-de-academicos-para-o-\n\t\t\t\t\tprograma-de-educacao-tutorial-pet-grupo-pet-engenharia-florestal\" target=\"_blank\" class=\"button-dark\" rel=\"noopener\"> Acesse o edital<\/a>\n\t\t\t\t<\/td>\n\t\t\t\n\t\t<\/tr><\/tbody><\/table>\n\t<\/td>\n<\/tr>\n<!-- TEXT\u00c3O -->\n<tr>\n\t<td style=\"padding: 15px 0 5px;\">\n\t\t<table width=\"100%\">\n\t\t\t<tbody><tr><td>\n\t\t\t\t<\/td><td class=\"text\u00e3o\">\n\t\t\t\t\t<p style=\"text-align: center; font-size: 20px; font-weight: bold;color: black\">APOIO A PROJETOS DE ENSINO<\/p>\n\t\t\t\t\t<p style=\"text-align: left; line-height: 20px; font-size: 13px; padding: 5px 10px 15px;color: black\">\n\t\t\t\t\t\tEst\u00e3o abertas as inscri\u00e7\u00f5es para a sele\u00e7\u00e3o de 05 (cinco) Projetos de Ensino com apoio financeiro na forma de concess\u00e3o de bolsas (12 parcelas mensais de R$ 500,00) para estudantes matriculados nos cursos de gradua\u00e7\u00e3o da UTFPR-DV. Os Projetos de Ensino poder\u00e3o ser inscritos em uma das categorias: Proposta de curso\/oficina did\u00e1tico pedag\u00f3gica ou Desenvolvimento de material did\u00e1tico pedag\u00f3gico.\n\t\t\t\t\t\tPara mais informa\u00e7\u00f5es, acesse o Edital.<br> \n\t\t\t\t\t\t<a style=\"font-weight: bold;\">Per\u00edodo de inscri\u00e7\u00f5es: 23\/06\/2022 a 03\/08\/2022<\/a><br>\n\t\t\t\t\t\tD\u00favidas? Entre em contato com o NUENS: <a href=\"mailto:nuens-dv@utfpr.edu.br\" style=\"color: #ED6A5A;\">nuens-dv@utfpr.edu.br.<\/a>\n\t\t\t\t\t<\/p>\n\t\t\t\t\t<a href=\"https:\/\/portal.utfpr.edu.br\/editais\/graduacao-e-educacao-profissional\/doisvizinhos\/edital-016-2022-digrad-dirge-dv-apoio-a-\n\t\t\t\t\tprojetos-de-ensino\" target=\"_blank\" class=\"button-dark\" rel=\"noopener\"> Acesse o edital<\/a>\n\t\t\t\t<\/td>\n\t\t\t\n\t\t<\/tr><\/tbody><\/table>\n\t<\/td>\n<\/tr>\n<!-- TEXT\u00c3O -->\n<tr>\n\t<td style=\"padding: 15px 0 5px;\">\n\t\t<table width=\"100%\">\n\t\t\t<tbody><tr><td>\n\t\t\t\t<\/td><td class=\"text\u00e3o\">\n\t\t\t\t\t<p style=\"text-align: center; font-size: 20px; font-weight: bold;color: black\"> PROGRAMA DE MONITORIA<\/p>\n\t\t\t\t\t<p style=\"text-align: left; line-height: 20px; font-size: 13px; padding: 5px 10px 15px;color: black\">\n\t\t\t\t\t\tEst\u00e3o abertas as inscri\u00e7\u00f5es para Monitoria Remunerada e Monitoria Volunt\u00e1ria da UTFPR-DV, que tem como finalidade a melhoria do processo ensino-aprendizagem dos cursos de gradua\u00e7\u00e3o no Campus. O valor da Bolsa-Monitoria do\n\t\t\t\t\t\tEdital 18\/2022 &#8211; DIRGRAD\/DIRGE  ser\u00e1 de R$ 2.380,00 (dois mil, trezentos e oitenta reais)\n\t\t\t\t\t\tque ser\u00e3o depositados em conta corrente do estudante em quatro parcelas.<br>\n\t\t\t\t\t\t<a style=\"font-weight: bold;\">Per\u00edodo de inscri\u00e7\u00f5es: 11\/07\/2022 \u00e0 14\/08\/2022<\/a><br>\n\t\t\t\t\t\tD\u00favidas? Entre em contato com o N\u00facleo de Ensino (NUENS) via e-mail <a href=\"mailto:nuens-dv@utfpr.edu.br\" style=\"color:#ED6A5A;\">nuens-dv@utfpr.edu.br<\/a>\n\t\t\t\t\t<\/p>\n\t\t\t\t\t<a href=\"http:\/\/portal.utfpr.edu.br\/editais\/graduacao-e-educacao-profissional\/doisvizinhos\/edital-025-2021-dirgrad-dirge-dv-programa-de-monitoria-da-utfpr-monitoria-remunerada\" target=\"_blank\" class=\"button-dark\" rel=\"noopener\"> Monitoria Remunerada<\/a>\n\t\t\t\t\t<br>\n\t\t\t\t\t<br>\n\t\t\t\t\t<a href=\"http:\/\/portal.utfpr.edu.br\/editais\/graduacao-e-educacao-profissional\/doisvizinhos\/edital-20-2022-dirgrad-dirge-dv-programa-de-monitoria-da-utfpr-monitoria-voluntaria\" target=\"_blank\" class=\"button-dark\" rel=\"noopener\"> Monitoria Volunt\u00e1ria<\/a>\n\t\t\t\t<\/td>\n\t\t\t\n\t\t<\/tr><\/tbody><\/table>\n\t<\/td>\n<\/tr>\n<!-- TEXT\u00c3O -->\n<tr>\n\t<td style=\"padding: 15px 0 5px;\">\n\t\t<table width=\"100%\">\n\t\t\t<tbody><tr><td>\n\t\t\t\t<\/td><td class=\"text\u00e3o\">\n\t\t\t\t\t<p style=\"text-align: center; font-size: 20px; font-weight: bold;color: black\"> PROGRAMA DE APOIO AO DOCENTE<\/p>\n\t\t\t\t\t<p style=\"text-align: left; line-height: 20px; font-size: 13px; padding: 5px 10px 15px;color: black\">\n\t\t\t\t\t\tEst\u00e3o abertas as inscri\u00e7\u00f5es para Apoio ao Docente &#8211; Remunerado e Apoio ao Docente &#8211; Volunt\u00e1rio da UTFPR-DV, que tem como finalidade atuar no apoio ao corpo docente dos cursos de gradua\u00e7\u00e3o do Campus. O valor da Bolsa-Monitoria do \n\t\t\t\t\t\tEdital 19\/2022 &#8211; DIRGRAD\/DIRGE  ser\u00e1 de R$ 2.380,00 (dois mil, trezentos e oitenta reais)\n\t\t\t\t\t\tque ser\u00e3o depositados em conta corrente do estudante em quatro parcelas.<br>\n\t\t\t\t\t\t<a style=\"font-weight: bold;\">Per\u00edodo de inscri\u00e7\u00f5es: 11\/07\/2022 \u00e0 14\/08\/2022<\/a><br>\n\t\t\t\t\t\tD\u00favidas? Entre em contato com o N\u00facleo de Ensino (NUENS) via e-mail <a href=\"mailto:nuens-dv@utfpr.edu.br\" style=\"color:#ED6A5A;\">nuens-dv@utfpr.edu.br<\/a>\n\t\t\t\t\t<\/p>\n\t\t\t\t\t<a href=\"http:\/\/portal.utfpr.edu.br\/editais\/graduacao-e-educacao-profissional\/doisvizinhos\/edital-19-2022-dirgrad-dirge-dv-selecao-2022-2-de-estudantes-de-apoio-aos-docentes-de-graduacao\" target=\"_blank\" class=\"button-dark\" rel=\"noopener\"> Edital Remunerado<\/a>\n\t\t\t\t\t<br>\n\t\t\t\t\t<br>\n\t\t\t\t\t<a href=\"http:\/\/portal.utfpr.edu.br\/editais\/graduacao-e-educacao-profissional\/doisvizinhos\/edital-21-2022-dirgrad-dirge-dv-selecao-2022-2-de-estudantes-de-apoio-aos-docentes-de-graduacao-voluntario\" target=\"_blank\" class=\"button-dark\" rel=\"noopener\"> Edital Volunt\u00e1rio   <\/a>\n\t\t\t\t<\/td>\n\t\t\t\n\t\t<\/tr><\/tbody><\/table>\n\t<\/td>\n<\/tr>\n<!-- TEXT\u00c3O -->\n<tr>\n\t<td style=\"padding: 15px 0 5px;\">\n\t\t<table width=\"100%\">\n\t\t\t<tbody><tr><td>\n\t\t\t\t<\/td><td class=\"text\u00e3o\">\n\t\t\t\t\t<p style=\"text-align: center; font-size: 20px; font-weight: bold;color: black\"> PROCESSO DE SELE\u00c7\u00c3O DO AUX\u00cdLIO ESTUDANTIL 2022<\/p>\n\t\t\t\t\t<p style=\"text-align: left; line-height: 20px; font-size: 13px; padding: 5px 10px 15px;color: black\">\n\t\t\t\t\t\t1\u00ba a 12 de agosto &#8211; Veteranos 3a: Matriculados regularmente at\u00e9 a data de inscri\u00e7\u00e3o deste grupo de estudantes, incluindo ingressantes 2022.1\n\t\t\t\t\t\t que optaram por manuten\u00e7\u00e3o de v\u00ednculo ou aqueles que tiveram o pedido indeferido nas etapas 1 e 2.<br> \n\t\t\t\t\t\t<a style=\"font-weight: bold;\"> Atendimento virtual: 02\/08 (14h00 \u00e0s 16h00) e 04\/08 (18h00 \u00e0s 19h00) pelo link <\/a><a href=\"https:\/\/meet.google.com\/qpb-rebf-cfz\" target=\"_blank\" style=\"color: red;\" rel=\"noopener\">https:\/\/meet.google.com\/qpb-rebf-cfz<\/a><br>\n\t\t\t\t\t\t<a style=\"font-weight: bold;\">Atendimento presencial: 09\/08 (14h00 \u00e0s 17h00) e 11\/08 (17h00 \u00e0s 19h00) no  Centro de Conviv\u00eancia.<\/a><br>\n\t\t\t\t\t\tDemais dias e hor\u00e1rios de atendimento sobre o Edital: somente por agendamento com as servidoras do NUAPE:  \n\t\t\t\t\t\t<a href=\"https:\/\/calendly.com\/danielapolo\" target=\"_blank\" rel=\"noopener\">Daniela Brun Polo<\/a>, \n\t\t\t\t\t\t<a href=\"https:\/\/calendly.com\/julianapalavezzini\" target=\"_blank\" rel=\"noopener\">Juliana Palavezzini<\/a>, \n\t\t\t\t\t\t<a href=\"https:\/\/calendly.com\/claudiapiacentini\/\" target=\"_blank\" rel=\"noopener\">Claudia Piacentini,<\/a>\n\t\t\t\t\t\t<a href=\"https:\/\/forms.gle\/YWwEzZByAS4S7kEd9\" target=\"_blank\" rel=\"noopener\">Aline A. A. A. Marchesan.<\/a>\n\t\t\t\t\t\tSaiba mais detalhes no Edital 2\/2022.\n\t\t\t\t\t<\/p>\n\t\t\t\t\t<a href=\"https:\/\/portal.utfpr.edu.br\/editais\/assessoria-estudantil\/reitoria\/processo-de-selecao-do-auxilio-estudantil-2022\" target=\"_blank\" class=\"button-dark\" rel=\"noopener\"> Acesse o edital<\/a>\n\t\t\t\t<\/td>\n\t\t\t\n\t\t<\/tr><\/tbody><\/table>\n\t<\/td>\n<\/tr>\n<!-- TEXT\u00c3O -->\n<tr>\n\t<td style=\"padding: 15px 0 5px;\">\n\t\t<table width=\"100%\">\n\t\t\t<tbody><tr><td>\n\t\t\t\t<\/td><td class=\"text\u00e3o\">\n\t\t\t\t\t<p style=\"text-align: center; font-size: 20px; font-weight: bold;color: black\"> SELE\u00c7\u00c3O DE ALUNOS PARA A DISCIPLINA DESIGN DE PRODUTOS E SERVI\u00c7OS<\/p>\n\t\t\t\t\t<p style=\"text-align: left; line-height: 20px; font-size: 13px; padding: 5px 10px 15px;color: black\">\n\t\t\t\t\t\tFoi PRORROGADO o edital para cursar a disciplina de Design de Produtos e Servi\u00e7os. Os interessados devem preencher o formul\u00e1rio dispon\u00edvel aqui.<br>\n\t\t\t\t\t\t<a style=\"font-weight: bold;\">Per\u00edodo de inscri\u00e7\u00f5es: at\u00e9 dia 10\/08\/2022<\/a>\n\n\t\t\t\t\t<\/p>\n\t\t\t\t\t<a href=\"https:\/\/sei.utfpr.edu.br\/sei\/publicacoes\/controlador_publicacoes.php?acao=publicacao_visualizar&amp;id_documento=3039191&amp;id_orgao_publicacao=0\" target=\"_blank\" class=\"button-dark\" rel=\"noopener\"> Acesse o edital<\/a>\n\t\t\t\t\t<br>\n\t\t\t\t\t<br>\n\t\t\t\t\t<a href=\"https:\/\/forms.gle\/MkEDomoWmTiW4Wag7\" target=\"_blank\" class=\"button-dark\" style=\"background-color: #ED6A5A!important;\" rel=\"noopener\">Inscreva-se<\/a>\n\t\t\t\t<\/td>\n\t\t\t\n\t\t<\/tr><\/tbody><\/table>\n\t<\/td>\n<\/tr>\n<!-- TEXT\u00c3O -->\n<tr>\n\t<td style=\"padding: 15px 0 5px;\">\n\t\t<table width=\"100%\">\n\t\t\t<tbody><tr><td>\n\t\t\t\t<\/td><td class=\"text\u00e3o\">\n\t\t\t\t\t<p style=\"text-align: center; font-size: 20px; font-weight: bold;color: black\"> SELE\u00c7\u00c3O DE ALUNOS PARA A DISCIPLINA DESIGN DE PROCESSOS<\/p>\n\t\t\t\t\t<p style=\"text-align: left; line-height: 20px; font-size: 13px; padding: 5px 10px 15px;color: black\">\n\t\t\t\t\t\tFoi PRORROGADO o Edital para cursar a disciplina de Design de Processos. Os alunos interessados em participar do processo de sele\u00e7\u00e3o devem preencher o formul\u00e1rio disponibilizado aqui.<br>\n\t\t\t\t\t\t<a style=\"font-weight: bold;\">Per\u00edodo de inscri\u00e7\u00f5es: at\u00e9 dia 18\/08\/2022<\/a>\n\n\n\t\t\t\t\t<\/p>\n\t\t\t\t\t<a href=\"http:\/\/portal.utfpr.edu.br\/editais\/graduacao-e-educacao-profissional\/doisvizinhos\/edital-10-2022-dirgrad-dirge-dv-chamada-de-selecao-de-alunos-do-campus-dois-vizinhos-da-utfpr-para-a-disciplina-design-de-processos\" target=\"_blank\" class=\"button-dark\" rel=\"noopener\"> Acesse o edital<\/a>\n\t\t\t\t\t<br>\n\t\t\t\t\t<br>\n\t\t\t\t\t<a href=\"https:\/\/forms.gle\/3YAoVbKJxjkKcnvr9\" target=\"_blank\" class=\"button-dark\" style=\" background-color: #ED6A5A;\" rel=\"noopener\">Inscreva-se<\/a>\n\t\t\t\t<\/td>\n\t\t\t\n\t\t<\/tr><\/tbody><\/table>\n\t<\/td>\n<\/tr>\n<!-- TEXT\u00c3O -->\n<tr>\n\t<td style=\"padding: 15px 0 15px;\">\n\t\t<table width=\"100%\">\n\t\t\t<tbody><tr><td>\n\t\t\t\t<\/td><td class=\"text\u00e3o\">\n\t\t\t\t\t<p style=\"text-align: center; font-size: 20px; font-weight: bold;color: black\"> AUX\u00cdLIO \u00c0 PARTICIPA\u00c7\u00c3O DE DISCENTES EM EVENTOS 2022<\/p>\n\t\t\t\t\t<p style=\"text-align: left; line-height: 20px; font-size: 13px; padding: 5px 10px 15px;color: black\">\n\t\t\t\t\t\tVai a um evento importante neste ano e precisa de uma forcinha? Ent\u00e3o, se liga no \n\t\t\t\t\t\tedital de Aux\u00edlio em Eventos! As solicita\u00e7\u00f5es de aux\u00edlio \u00e0 participa\u00e7\u00e3o em eventos poder\u00e3o ser realizadas em \n\t\t\t\t\t\tfluxo cont\u00ednuo no per\u00edodo de 04\/05 a 30\/11\/2022 ou at\u00e9 que se esgotem os recursos financeiros previstos para este Edital. As solicita\u00e7\u00f5es dever\u00e3o ser \n\t\t\t\t\t\trealizadas pelo(a) estudante requerente, via Formul\u00e1rio de Inscri\u00e7\u00e3o em Evento.\n\n\n\t\t\t\t\t<\/p>\n\t\t\t\t\t<a href=\"http:\/\/portal.utfpr.edu.br\/editais\/assessoria-estudantil\/reitoria\/auxilio-a-participacao-de-discentes-em-eventos-2022\" target=\"_blank\" class=\"button-dark\" rel=\"noopener\">Acesse o edital<\/a>\n\t\t\t\t\t<br>\n\t\t\t\t\t<br>\n\t\t\t\t\t<a href=\"https:\/\/portal.utfpr.edu.br\/alunos\/bolsas\/auxilio-estudantil\/formularios\/copy4_of_formulario-de-inscricao-para-auxilio-a-participacao-de-discente-em-eventos\" target=\"_blank\" class=\"button-dark\" style=\"background-color: #ED6A5A!important;\" rel=\"noopener\">Inscreva-se<\/a>\n\t\t\t\t<\/td>\n\t\t\t\n\t\t<\/tr><\/tbody><\/table>\n\t<\/td>\n<\/tr>\n\n<!-- FOOTER SECTION -->\n\t\t\t<tr>\n\t\t\t\t<td style=\"background-color: #5D576B;\">\n\t\t\t\t\t<table width=\"100%\">\n\t\t\t\t\t\t<tbody><tr>\n\t\t\t\t\t\t\t<td style=\"text-align: center; padding: 45px 20px; color: white;\">\n\t\t\t\t\t\t\t\t<a href=\"https:\/\/portal.utfpr.edu.br\/estrutura\/grad\/contatos\/dois-vizinhos\" target=\"_blank\" rel=\"noopener\"><img src=\"https:\/\/cdn.discordapp.com\/attachments\/228935864397332480\/989914455016112148\/Dirgrad_logo_1.png\" alt=\"\" width=\"180\" style=\"max-width:180ox;\"><\/a>\n\t\t\t\t\t\t\t\t<p style=\"padding: 10px;\"> Voc\u00ea possui algum evento ou informe importante \n\t\t\t\t\t\t\t\t\tque envolve a Gradua\u00e7\u00e3o? Compartilhe com a gente!<\/p>\n\t\t\t\t\t\t\t\t\n\t\t\t\t\t\t\t\t<a href=\"https:\/\/www.instagram.com\/graduacao.utfprdv\/\" target=\"_blank\" rel=\"noopener\"><img src=\"https:\/\/cdn.discordapp.com\/attachments\/228935864397332480\/1001882771918180494\/IMG-20220727-WA0014.jpg\" alt=\"insta\" width=\"40\"><\/a>\n\t\t\t\t\t\t\t\t<a href=\"https:\/\/www.facebook.com\/graduacao.utfprdv\" target=\"_blank\" rel=\"noopener\"><img src=\"https:\/\/cdn.discordapp.com\/attachments\/228935864397332480\/1001882772362756197\/IMG-20220727-WA0012.jpg\" alt=\"face\" width=\"40\"><\/a>\t\n\t\t\t\t\t\t\t\t<a href=\"mailto:nuens-dv@utfpr.edu.br\" target=\"_blank\" rel=\"noopener\"><img src=\"https:\/\/cdn.discordapp.com\/attachments\/228935864397332480\/1001882772119490641\/IMG-20220727-WA0013.jpg\" alt=\"email\" width=\"40\"><\/a>\n\t\t\t\t\t\t\t\t<a href=\"https:\/\/sistemas.dv.utfpr.edu.br\/agenda\/\" target=\"_blank\" rel=\"noopener\"><img src=\"https:\/\/cdn.discordapp.com\/attachments\/228935864397332480\/1001882771641335808\/IMG-20220727-WA0015.jpg\" alt=\"calendario\" width=\"40\"><\/a>\t\n\t\t\t\t\t\t\t\t\t\n\t\t\t\t\t\t\t\t\t\n\t\t\t\t\t\t\t<\/td>\n\t\t\t\t\t\t<\/tr>\n\n\n\t\t\t\t\t<\/tbody><\/table>\n\t\t\t\t<\/td>\n\t\t\t<\/tr>\n\t<\/tbody><\/table>\n<\/center>\n\n\n","protected":false},"excerpt":{"rendered":"<p>&#8220;Nada de importante no mundo foi realizado sem paix\u00e3o.&#8221; &#8211; Georg Wilhelm &#8211; Esse \u00e9 o primeiro informe que enviamos &hellip; <\/p>\n","protected":false},"author":3,"featured_media":0,"comment_status":"closed","ping_status":"open","sticky":false,"template":"","format":"standard","meta":[],"categories":[1],"tags":[],"_links":{"self":[{"href":"https:\/\/dirgrad.dv.utfpr.edu.br\/site\/wp-json\/wp\/v2\/posts\/963"}],"collection":[{"href":"https:\/\/dirgrad.dv.utfpr.edu.br\/site\/wp-json\/wp\/v2\/posts"}],"about":[{"href":"https:\/\/dirgrad.dv.utfpr.edu.br\/site\/wp-json\/wp\/v2\/types\/post"}],"author":[{"embeddable":true,"href":"https:\/\/dirgrad.dv.utfpr.edu.br\/site\/wp-json\/wp\/v2\/users\/3"}],"replies":[{"embeddable":true,"href":"https:\/\/dirgrad.dv.utfpr.edu.br\/site\/wp-json\/wp\/v2\/comments?post=963"}],"version-history":[{"count":6,"href":"https:\/\/dirgrad.dv.utfpr.edu.br\/site\/wp-json\/wp\/v2\/posts\/963\/revisions"}],"predecessor-version":[{"id":1003,"href":"https:\/\/dirgrad.dv.utfpr.edu.br\/site\/wp-json\/wp\/v2\/posts\/963\/revisions\/1003"}],"wp:attachment":[{"href":"https:\/\/dirgrad.dv.utfpr.edu.br\/site\/wp-json\/wp\/v2\/media?parent=963"}],"wp:term":[{"taxonomy":"category","embeddable":true,"href":"https:\/\/dirgrad.dv.utfpr.edu.br\/site\/wp-json\/wp\/v2\/categories?post=963"},{"taxonomy":"post_tag","embeddable":true,"href":"https:\/\/dirgrad.dv.utfpr.edu.br\/site\/wp-json\/wp\/v2\/tags?post=963"}],"curies":[{"name":"wp","href":"https:\/\/api.w.org\/{rel}","templated":true}]}}