{"id":1193,"date":"2022-09-08T14:05:59","date_gmt":"2022-09-08T17:05:59","guid":{"rendered":"https:\/\/dirgrad.dv.utfpr.edu.br\/site\/?p=1193"},"modified":"2025-12-16T08:16:16","modified_gmt":"2025-12-16T11:16:16","slug":"formaturas","status":"publish","type":"post","link":"https:\/\/dirgrad.dv.utfpr.edu.br\/site\/formaturas\/","title":{"rendered":"Formaturas"},"content":{"rendered":"\n<p>A organiza\u00e7\u00e3o das formaturas \u00e9 realizada pela Assessoria de Cerimonial e Eventos e pelo Gabinete da Dire\u00e7\u00e3o-Geral. <strong><a rel=\"noreferrer noopener\" href=\"https:\/\/sei.utfpr.edu.br\/sei\/publicacoes\/controlador_publicacoes.php?acao=publicacao_visualizar&amp;id_documento=885851&amp;id_orgao_publicacao=0\" data-type=\"URL\" data-id=\"https:\/\/sei.utfpr.edu.br\/sei\/publicacoes\/controlador_publicacoes.php?acao=publicacao_visualizar&amp;id_documento=885851&amp;id_orgao_publicacao=0\" target=\"_blank\">Clique aqui<\/a><\/strong> para acessar o regulamento e, em caso de d\u00favidas, entre em contato com <strong>gadir-dv@utfpr.edu.br<\/strong>.<\/p>\n\n\n\n<h2>Regulamento para Sess\u00f5es P\u00fablicas de Cola\u00e7\u00e3o de Grau<\/h2>\n\n\n\n<p><strong><a href=\"https:\/\/sei.utfpr.edu.br\/sei\/publicacoes\/controlador_publicacoes.php?acao=publicacao_visualizar&amp;id_documento=885851&amp;id_orgao_publicacao=0\" data-type=\"URL\" target=\"_blank\" rel=\"noreferrer noopener\">Resolu\u00e7\u00e3o n\u00ba 41\/2019 COGEP, de 17 de abril de 2019<\/a><\/strong><\/p>\n\n\n\n<p><\/p>\n\n\n\n<h2>Instru\u00e7\u00f5es Normativas para Cola\u00e7\u00f5es de Grau<\/h2>\n\n\n\n<p>V\u00e1lida at\u00e9 31\/12\/2025:<\/p>\n\n\n\n<p> <strong><a rel=\"noreferrer noopener\" href=\"https:\/\/dirgrad.dv.utfpr.edu.br\/site\/wp-content\/uploads\/2022\/09\/IN-GADIR-no-2.2021-Colacoes-de-Grau-SEI_UTFPR-2485851-Instrucao-Normativa.pdf\" data-type=\"URL\" data-id=\"https:\/\/dirgrad.dv.utfpr.edu.br\/site\/wp-content\/uploads\/2022\/09\/IN-GADIR-no-2.2021-Colacoes-de-Grau-SEI_UTFPR-2485851-Instrucao-Normativa.pdf\" target=\"_blank\">INSTRU\u00c7\u00c3O NORMATIVA GADIR-DV\/UTFPR n\u00ba 2, de 23 de dezembro de 2021<\/a><\/strong><\/p>\n\n\n\n<p>V\u00e1lida a partir de 01\/01\/2026: <\/p>\n\n\n\n<p><a href=\"https:\/\/dirgrad.dv.utfpr.edu.br\/site\/wp-content\/uploads\/2025\/12\/regulamento_colacoes_2026.pdf\"><strong>INSTRU\u00c7\u00c3O NORMATIVA GABIR-PROGRAD\/UTFPR n\u00ba 65, de 19 de novembro de 2025<\/strong><\/a><\/p>\n\n\n\n<h2>Calend\u00e1rio de Formaturas<\/h2>\n\n\n\n<p><strong><a href=\"https:\/\/dirgrad.dv.utfpr.edu.br\/site\/wp-content\/uploads\/2025\/12\/Calendario-Formaturas-2026-Retificado.pdf\">Calend\u00e1rio 2026 (Retificado)<\/a><\/strong><\/p>\n\n\n\n<p><a href=\"https:\/\/dirgrad.dv.utfpr.edu.br\/site\/wp-content\/uploads\/2025\/03\/calendario-formaturas-2025-retificado.pdf\"><strong>Calend\u00e1rio 2025 (Retificado)<\/strong><\/a><\/p>\n\n\n\n<p><a rel=\"noreferrer noopener\" href=\"https:\/\/dirgrad.dv.utfpr.edu.br\/site\/wp-content\/uploads\/2023\/11\/calendario-formaturas-2024.pdf\" target=\"_blank\"><strong>Calend\u00e1rio 2024<\/strong><\/a><\/p>\n\n\n\n<p><strong><a rel=\"noreferrer noopener\" href=\"https:\/\/dirgrad.dv.utfpr.edu.br\/site\/wp-content\/uploads\/2022\/09\/Calendario-de-formaturas-2023.pdf\" target=\"_blank\">Calend\u00e1rio 2023<\/a><\/strong><\/p>\n\n\n\n<p><strong><a rel=\"noreferrer noopener\" href=\"https:\/\/dirgrad.dv.utfpr.edu.br\/site\/wp-content\/uploads\/2022\/09\/Calendario-de-formaturas.pdf\" data-type=\"URL\" data-id=\"https:\/\/dirgrad.dv.utfpr.edu.br\/site\/wp-content\/uploads\/2022\/09\/Calendario-de-formaturas.pdf\" target=\"_blank\">Calend\u00e1rio 2022<\/a><\/strong><\/p>\n","protected":false},"excerpt":{"rendered":"<p>A organiza\u00e7\u00e3o das formaturas \u00e9 realizada pela Assessoria de Cerimonial e Eventos e pelo Gabinete da Dire\u00e7\u00e3o-Geral. Clique aqui para &hellip; <\/p>\n","protected":false},"author":3,"featured_media":0,"comment_status":"closed","ping_status":"open","sticky":false,"template":"","format":"standard","meta":[],"categories":[1],"tags":[],"_links":{"self":[{"href":"https:\/\/dirgrad.dv.utfpr.edu.br\/site\/wp-json\/wp\/v2\/posts\/1193"}],"collection":[{"href":"https:\/\/dirgrad.dv.utfpr.edu.br\/site\/wp-json\/wp\/v2\/posts"}],"about":[{"href":"https:\/\/dirgrad.dv.utfpr.edu.br\/site\/wp-json\/wp\/v2\/types\/post"}],"author":[{"embeddable":true,"href":"https:\/\/dirgrad.dv.utfpr.edu.br\/site\/wp-json\/wp\/v2\/users\/3"}],"replies":[{"embeddable":true,"href":"https:\/\/dirgrad.dv.utfpr.edu.br\/site\/wp-json\/wp\/v2\/comments?post=1193"}],"version-history":[{"count":17,"href":"https:\/\/dirgrad.dv.utfpr.edu.br\/site\/wp-json\/wp\/v2\/posts\/1193\/revisions"}],"predecessor-version":[{"id":2505,"href":"https:\/\/dirgrad.dv.utfpr.edu.br\/site\/wp-json\/wp\/v2\/posts\/1193\/revisions\/2505"}],"wp:attachment":[{"href":"https:\/\/dirgrad.dv.utfpr.edu.br\/site\/wp-json\/wp\/v2\/media?parent=1193"}],"wp:term":[{"taxonomy":"category","embeddable":true,"href":"https:\/\/dirgrad.dv.utfpr.edu.br\/site\/wp-json\/wp\/v2\/categories?post=1193"},{"taxonomy":"post_tag","embeddable":true,"href":"https:\/\/dirgrad.dv.utfpr.edu.br\/site\/wp-json\/wp\/v2\/tags?post=1193"}],"curies":[{"name":"wp","href":"https:\/\/api.w.org\/{rel}","templated":true}]}}